{"id":77502,"date":"2025-05-05T20:15:09","date_gmt":"2025-05-05T20:15:09","guid":{"rendered":"https:\/\/www.europesays.com\/fr\/77502\/"},"modified":"2025-05-05T20:15:09","modified_gmt":"2025-05-05T20:15:09","slug":"un-nouveau-defi-partage-pour-julien-brunet","status":"publish","type":"post","link":"https:\/\/www.europesays.com\/fr\/77502\/","title":{"rendered":"un nouveau d\u00e9fi partag\u00e9 pour Julien Brunet"},"content":{"rendered":"<p>Un d\u00e9fi de plus pour Julien Brunet. \u00c0 34 ans, le M\u00e2connais, t\u00e9trapl\u00e9gique de\u00a0naissance, et qui a su f\u00e9d\u00e9rer autour de lui au fil du temps, est anim\u00e9 par leur pr\u00e9paration et leur r\u00e9alisation.<\/p>\n<p>En 2017, associ\u00e9 au \u201cbaron rouge\u201d \u00c9ric Barone, il avait battu le record du monde de vitesse \u00e0 dualski. \u00c0 l\u2019\u00e9t\u00e9 2019, c\u2019est aux c\u00f4t\u00e9s du Burgien Herv\u00e9 Dumoulin qu\u2019il s\u2019\u00e9tait align\u00e9 sur un Iron man de Nice rendu tr\u00e8s difficile par la chaleur. C\u2019est \u00e0 Vichy, dans les pas de Benoit Mouvault,&#8230;<\/p>\n","protected":false},"excerpt":{"rendered":"Un d\u00e9fi de plus pour Julien Brunet. \u00c0 34 ans, le M\u00e2connais, t\u00e9trapl\u00e9gique de\u00a0naissance, et qui a su&hellip;\n","protected":false},"author":2,"featured_media":77503,"comment_status":"","ping_status":"","sticky":false,"template":"","format":"standard","meta":{"footnotes":""},"categories":[1411],"tags":[1154,207,3718,107,1011,27,5980,5982,104,60,1631],"class_list":{"0":"post-77502","1":"post","2":"type-post","3":"status-publish","4":"format-standard","5":"has-post-thumbnail","7":"category-cyclisme","8":"tag-cycling","9":"tag-cyclisme","10":"tag-edition-macon","11":"tag-fil-info","12":"tag-fr","13":"tag-france","14":"tag-macon","15":"tag-macon-ville","16":"tag-societe","17":"tag-sports","18":"tag-vie-associative"},"share_on_mastodon":{"url":"https:\/\/pubeurope.com\/@fr\/114457065812950468","error":""},"_links":{"self":[{"href":"https:\/\/www.europesays.com\/fr\/wp-json\/wp\/v2\/posts\/77502","targetHints":{"allow":["GET"]}}],"collection":[{"href":"https:\/\/www.europesays.com\/fr\/wp-json\/wp\/v2\/posts"}],"about":[{"href":"https:\/\/www.europesays.com\/fr\/wp-json\/wp\/v2\/types\/post"}],"author":[{"embeddable":true,"href":"https:\/\/www.europesays.com\/fr\/wp-json\/wp\/v2\/users\/2"}],"replies":[{"embeddable":true,"href":"https:\/\/www.europesays.com\/fr\/wp-json\/wp\/v2\/comments?post=77502"}],"version-history":[{"count":0,"href":"https:\/\/www.europesays.com\/fr\/wp-json\/wp\/v2\/posts\/77502\/revisions"}],"wp:featuredmedia":[{"embeddable":true,"href":"https:\/\/www.europesays.com\/fr\/wp-json\/wp\/v2\/media\/77503"}],"wp:attachment":[{"href":"https:\/\/www.europesays.com\/fr\/wp-json\/wp\/v2\/media?parent=77502"}],"wp:term":[{"taxonomy":"category","embeddable":true,"href":"https:\/\/www.europesays.com\/fr\/wp-json\/wp\/v2\/categories?post=77502"},{"taxonomy":"post_tag","embeddable":true,"href":"https:\/\/www.europesays.com\/fr\/wp-json\/wp\/v2\/tags?post=77502"}],"curies":[{"name":"wp","href":"https:\/\/api.w.org\/{rel}","templated":true}]}}