{"id":77506,"date":"2025-05-05T20:17:23","date_gmt":"2025-05-05T20:17:23","guid":{"rendered":"https:\/\/www.europesays.com\/fr\/77506\/"},"modified":"2025-05-05T20:17:23","modified_gmt":"2025-05-05T20:17:23","slug":"furax-sa-fille-maryline-pousse-un-coup-de-gueule-insupportable","status":"publish","type":"post","link":"https:\/\/www.europesays.com\/fr\/77506\/","title":{"rendered":"furax, sa fille Maryline pousse un coup de gueule, \u00ab\u00a0Insupportable\u00a0\u00bb"},"content":{"rendered":"<p>Le vent souffle fort sur <strong>La France insoumise<\/strong><br \/>\navec la sortie du livre La Meute ce 7 mai, sign\u00e9 par deux<br \/>\njournalistes bien d\u00e9cid\u00e9s \u00e0 mettre les pieds dans le plat. Entre<br \/>\naccusations de harc\u00e8lement, finances douteuses, et ambiance pas<br \/>\ntr\u00e8s zen en interne, les auteurs sortent les dossiers. Malgr\u00e9 les<br \/>\nr\u00e9v\u00e9lations qui s\u2019accumulent, la base militante, elle, reste soud\u00e9e<br \/>\nautour du chef historique. Pas de panique chez les fans de la<br \/>\npremi\u00e8re heure : on reste debout, pin\u00a0\u00bbs LFI sur le c\u0153ur.<br \/>\n<strong>Nicole<\/strong>, militante passionn\u00e9e et \u00e9mue rien qu\u2019en<br \/>\nentendant <strong>Jean-Luc M\u00e9lenchon<\/strong> parler des<br \/>\n\u201cpauvres\u201d, ne voit dans tout ce remue-m\u00e9nage qu\u2019un vaste<br \/>\ncomplot contre son champion. Pour elle, pas de fum\u00e9e sans<br \/>\nmanigance. Elle s\u2019enflamme, cite ses phrases cultes \u2013 \u201cLa<br \/>\nR\u00e9publique, c\u2019est moi\u201d \u2013 comme d&rsquo;autres r\u00e9citent du<br \/>\n<strong>Victor Hugo<\/strong>, et d\u00e9fend bec et ongles celui qu\u2019elle<br \/>\nconsid\u00e8re comme la seule voix sinc\u00e8re. T\u00e9moignages ou pas, elle<br \/>\nn\u2019en d\u00e9mord pas : \u201cIls inventent plein de choses.\u201d<\/p>\n<p>Jean-Luc M\u00e9lenchon combattu ?<\/p>\n<p><strong>Alain<\/strong>, un ancien compagnon de route de <a href=\"https:\/\/www.melty.fr\/people\/francois-bayrou-sen-prend-violemment-a-jean-luc-melenchon-cest-pas-votre-race-2228263.html\" target=\"_blank\" rel=\"noopener\"><br \/>\nJean-Luc M\u00e9lenchon<\/a>, se pla\u00eet \u00e0 rappeler qu\u2019ils ont partag\u00e9 les<br \/>\nbancs de l\u2019Organisation communiste internationaliste dans leur<br \/>\njeunesse. Mais d\u00e8s qu\u2019on aborde les <strong>tensions internes \u00e0<br \/>\nLFI<\/strong>, il monte aussit\u00f4t au cr\u00e9neau. Pour lui, pas de d\u00e9bat<br \/>\n: tout \u00e7a n\u2019est qu\u2019une vaste cabale. \u201cIl y a une campagne<br \/>\nanti-M\u00e9lenchon qui dure depuis pas mal de temps, qui est absolument<br \/>\nodieuse, parce qu&rsquo;aujourd&rsquo;hui Jean-Luc M\u00e9lenchon et La France<br \/>\ninsoumise sont les seules forces capables de tenir en \u00e9chec la<br \/>\ndroite et l&rsquo;extr\u00eame droite\u201d, lance-t-il, visiblement<br \/>\nulc\u00e9r\u00e9.<\/p>\n<p>De son c\u00f4t\u00e9, <strong>J\u00e9r\u00f4me<\/strong> est un peu plus nuanc\u00e9. Lui<br \/>\naussi voit d\u2019un mauvais \u0153il ce qu\u2019il appelle \u201cune presse aux<br \/>\nordres des milliardaires\u201d, mais il ne nie pas que son parti<br \/>\npuisse avoir des failles. Il accepte la critique, \u00e0 condition<br \/>\nqu\u2019elle soit \u00e9tay\u00e9e. \u201cQue les journalistes tapent sur Bardella<br \/>\net tapent sur M\u00e9lenchon, <strong>tant que la preuve, tant que les<br \/>\narguments sont l\u00e0, \u00e7a me va<\/strong>. Tant qu&rsquo;ils font leur travail<br \/>\nhonn\u00eatement\u201d, souligne-t-il, sans \u00e9carter l\u2019id\u00e9e d\u2019une presse<br \/>\nencore capable de bien faire son boulot.<\/p>\n<p>\u00ab\u00a0Jean-Luc M\u00e9lenchon n&rsquo;est pas un gourou\u00a0\u00bb<\/p>\n<p><strong>Esteban<\/strong> fait partie de ces militants partag\u00e9s<br \/>\nentre loyaut\u00e9 politique et malaise face \u00e0 certaines r\u00e9v\u00e9lations.<br \/>\nLes accusations de harc\u00e8lement moral port\u00e9es par l\u2019ex-d\u00e9put\u00e9e LFI<br \/>\n<strong>Danielle Simonnet<\/strong>, soutenues par des \u00e9changes de<br \/>\nSMS, le laissent perplexe. Il h\u00e9site : \u201cC&rsquo;est possible tout<br \/>\ncomme \u00e7a peut \u00eatre euh\u2026\u201d. Ce qu\u2019il d\u00e9fend, avant tout, ce sont<br \/>\nles convictions. \u201cMoi, je suis l\u00e0 aujourd&rsquo;hui pour des id\u00e9es.<br \/>\nTout ce qui m&rsquo;importe, c&rsquo;est que M\u00e9lenchon a toujours eu sa<br \/>\ncoh\u00e9rence politique\u201d. Il affirme n\u2019avoir jamais \u00e9t\u00e9 t\u00e9moin de<br \/>\ncomportements d\u00e9plac\u00e9s dans les rangs du mouvement : \u201cDepuis<br \/>\nque j&rsquo;y suis, non. Sur le fonctionnement du parti, je n&rsquo;ai rien \u00e0<br \/>\nredire\u201d. Certes, des d\u00e9saccords peuvent \u00e9merger, comme lors de<br \/>\nla pol\u00e9mique autour de l\u2019affiche repr\u00e9sentant <strong>Cyril<br \/>\nHanouna.<\/strong> \u201cIl aurait d\u00fb dire que c&rsquo;\u00e9tait une<br \/>\nerreur\u201d. Pour Esteban, ce genre de critique d\u00e9montre justement<br \/>\nque \u201c<strong>Jean-Luc M\u00e9lenchon n&rsquo;est pas un<br \/>\ngourou<\/strong>\u201d.<\/p>\n<p>Mais au fond, m\u00eame avec les failles et les faux pas, le jeune<br \/>\nhomme ne d\u00e9croche pas. \u00c0 ses yeux, la gauche a besoin d\u2019un chef de<br \/>\nfile fort et inspirant pour esp\u00e9rer s\u2019imposer. C\u2019est ce qui le<br \/>\npousse \u00e0 faire preuve d\u2019indulgence. Il reste fid\u00e8le, m\u00eame lorsque<br \/>\nJean-Luc M\u00e9lenchon prend la d\u00e9fense d\u2019<strong>Adrien<br \/>\nQuatennens<\/strong>, d\u00e9put\u00e9 du Nord, condamn\u00e9 pour <a href=\"https:\/\/www.melty.fr\/tele\/sophie-maries-au-premier-regard-victime-de-violences-conjugales-elle-revient-sur-le-calvaire-vecu-2229216.html\" target=\"_blank\" rel=\"noopener\"><br \/>\nviolences conjugales<\/a>. Pour Esteban, tout cela s\u2019explique par la<br \/>\nn\u00e9cessit\u00e9 de pr\u00e9server une figure centrale, autour de laquelle les<br \/>\nid\u00e9es peuvent continuer \u00e0 s\u2019incarner.<\/p>\n<p>Maryline M\u00e9lenchon : un soutien<br \/>\ninconditionnel pour son p\u00e8re<\/p>\n<p><strong>Maryline,<\/strong> fille de Jean-Luc M\u00e9lenchon, ne<br \/>\ncherche peut-\u00eatre pas les projecteurs, mais quand quelque chose<br \/>\nl\u2019agace, elle ne se g\u00eane pas pour le dire. Sur Facebook, elle avait<br \/>\nvivement r\u00e9agi \u00e0 l\u2019interview d\u2019<strong>Emmanuel Macron<\/strong> sur<br \/>\nFrance 2, quelques jours avant les Jeux Olympiques de Paris 2024.<br \/>\nLe chef de l&rsquo;\u00c9tat, interrog\u00e9 sur le d\u00e9sordre politique provoqu\u00e9 par<br \/>\nla <strong>dissolution de l\u2019Assembl\u00e9e<\/strong>, tentait de<br \/>\njustifier sa strat\u00e9gie. Mais cette sortie m\u00e9diatique n\u2019avait pas du<br \/>\ntout convaincu la jeune femme, qui avait critiqu\u00e9 sans d\u00e9tour ce<br \/>\nqu\u2019elle consid\u00e8re comme un grand \u00e9cart politique mal assum\u00e9.<\/p>\n<p>Tr\u00e8s remont\u00e9e, la compagne de <strong>Gabriel Amard<\/strong><br \/>\navait d\u00e9nonc\u00e9 ce qu\u2019elle voit comme un discours hypocrite, en<br \/>\nbalan\u00e7ant une pique cinglante. \u00ab\u00a0<strong>L\u2019homme des 49-3 nous<br \/>\nfait un cours sur les compromis. Insupportable.<\/strong>\u00a0\u00bb Une<br \/>\nphrase qui r\u00e9sume \u00e0 elle seule l\u2019exasp\u00e9ration de certains face \u00e0 la<br \/>\nposture adopt\u00e9e par le mari de <strong>Brigitte Macron<\/strong>.<br \/>\nD\u2019autant plus que, malgr\u00e9 la victoire du Nouveau Front populaire au<br \/>\nsecond tour, Emmanuel Macron avait pr\u00e9f\u00e9r\u00e9 affirmer que<br \/>\n\u00ab\u00a0personne n\u2019a gagn\u00e9\u00a0\u00bb, occultant ainsi le recul de son<br \/>\npropre camp et la forte pouss\u00e9e du Rassemblement national au<br \/>\npremier tour.<\/p>\n","protected":false},"excerpt":{"rendered":"Le vent souffle fort sur La France insoumise avec la sortie du livre La Meute ce 7 mai,&hellip;\n","protected":false},"author":2,"featured_media":77507,"comment_status":"","ping_status":"","sticky":false,"template":"","format":"standard","meta":{"footnotes":""},"categories":[1359],"tags":[905,58,2518,59,1011,27,3081,973],"class_list":{"0":"post-77506","1":"post","2":"type-post","3":"status-publish","4":"format-standard","5":"has-post-thumbnail","7":"category-people","8":"tag-a-la-une-melty","9":"tag-divertissement","10":"tag-edito","11":"tag-entertainment","12":"tag-fr","13":"tag-france","14":"tag-jean-luc-melenchon","15":"tag-people"},"share_on_mastodon":{"url":"https:\/\/pubeurope.com\/@fr\/114457073655184863","error":""},"_links":{"self":[{"href":"https:\/\/www.europesays.com\/fr\/wp-json\/wp\/v2\/posts\/77506","targetHints":{"allow":["GET"]}}],"collection":[{"href":"https:\/\/www.europesays.com\/fr\/wp-json\/wp\/v2\/posts"}],"about":[{"href":"https:\/\/www.europesays.com\/fr\/wp-json\/wp\/v2\/types\/post"}],"author":[{"embeddable":true,"href":"https:\/\/www.europesays.com\/fr\/wp-json\/wp\/v2\/users\/2"}],"replies":[{"embeddable":true,"href":"https:\/\/www.europesays.com\/fr\/wp-json\/wp\/v2\/comments?post=77506"}],"version-history":[{"count":0,"href":"https:\/\/www.europesays.com\/fr\/wp-json\/wp\/v2\/posts\/77506\/revisions"}],"wp:featuredmedia":[{"embeddable":true,"href":"https:\/\/www.europesays.com\/fr\/wp-json\/wp\/v2\/media\/77507"}],"wp:attachment":[{"href":"https:\/\/www.europesays.com\/fr\/wp-json\/wp\/v2\/media?parent=77506"}],"wp:term":[{"taxonomy":"category","embeddable":true,"href":"https:\/\/www.europesays.com\/fr\/wp-json\/wp\/v2\/categories?post=77506"},{"taxonomy":"post_tag","embeddable":true,"href":"https:\/\/www.europesays.com\/fr\/wp-json\/wp\/v2\/tags?post=77506"}],"curies":[{"name":"wp","href":"https:\/\/api.w.org\/{rel}","templated":true}]}}