{"id":775169,"date":"2026-03-04T14:31:16","date_gmt":"2026-03-04T14:31:16","guid":{"rendered":"https:\/\/www.europesays.com\/fr\/775169\/"},"modified":"2026-03-04T14:31:16","modified_gmt":"2026-03-04T14:31:16","slug":"atp-indian-wells-john-isner-devoile-le-futur-vainqueur-du-tournoi-et-ce-nest-pas-alcaraz-ou-sinner-je-mise-sur-le-goat","status":"publish","type":"post","link":"https:\/\/www.europesays.com\/fr\/775169\/","title":{"rendered":"ATP &#8211; Indian Wells > John Isner d\u00e9voile le futur vainqueur du tournoi, et ce n&rsquo;est pas Alcaraz ou Sinner : \u00ab\u00a0Je mise sur le GOAT\u00a0\u00bb"},"content":{"rendered":"<p><a href=\"https:\/\/www.welovetennis.fr\/wp-content\/uploads\/2021\/06\/Isner-face-RG-2021-e1680354560116.jpeg\" data-caption=\"\" rel=\"nofollow noopener\" target=\"_blank\"><img loading=\"lazy\" decoding=\"async\" width=\"696\" height=\"339\" class=\"entry-thumb td-modal-image lazy\" src=\"data:image\/svg+xml,%3Csvg%20xmlns=\" http:=\"\" data-src=\"https:\/\/www.europesays.com\/fr\/wp-content\/uploads\/2026\/03\/Isner-face-RG-2021-e1680354560116-696x339.jpeg\" data- data- alt=\"\" title=\"Isner face RG 2021\"\/><\/a><\/p>\n<p>Co\u2010animateur du podcast, Nothing Major, aux c\u00f4t\u00e9s de ses compa\u00adtriotes Sam Querrey, Jack Sock et Steve Johnson, John Isner a \u00e9t\u00e9 invit\u00e9 par ses coll\u00e8gues \u00e0 faire une pr\u00e9d\u00adci\u00adtion concer\u00adnant les deux vain\u00adqueurs, des tableaus mascu\u00adlins et f\u00e9mi\u00adnins, pour le tournoi d\u2019Indian Wells qui d\u00e9bute ce mardi 4\u00a0mars.<\/p>\n<p>Et l\u2019an\u00adcien 8e joueur mondial a d\u00e9cid\u00e9 de jeter son d\u00e9volu sur Novak Djokovic et Jessica Pegula.\u00a0<\/p>\n<p><strong>\u00ab\u202fJe mise sur le GOAT. Je parie sur Novak pour remporter le titre. Il est l\u00e0, il s\u2019est entra\u00een\u00e9 \u00e0 l\u2019UCLA. Il \u00e9tait au match des Lakers, sans aucun souci. Il ne s\u2019in\u00adqui\u00e8te pas pour ce tournoi. Je parie sur Novak, c\u2019est possible. Il y a beau\u00adcoup de jours de repos dans ce tournoi. Cela ne va pas \u00eatre physi\u00adque\u00adment \u00e9prou\u00advant pour lui. Chez les femmes, je parie sur Jess (Jessica Pegula). Je ne pense pas que la surface lui convienne parti\u00adcu\u00adli\u00e8\u00adre\u00adment, elle pr\u00e9f\u00e8re les surfaces plus rapides avec moins de rebond, mais elle a beau\u00adcoup confiance en\u00a0elle.\u202f\u00bb<\/strong><\/p>\n<p class=\"post-published-date\" style=\"color: silver; font-size: 75%; text-align: left;\">Publi\u00e9 le mercredi 4 mars 2026 \u00e0 13:03<\/p>\n<p><a href=\"https:\/\/www.welovetennis.fr\/author\/tsuscillon\" data-wpel-link=\"internal\" rel=\"nofollow noopener\" target=\"_blank\"><img loading=\"lazy\" decoding=\"async\" alt=\"\" src=\"data:image\/svg+xml,%3Csvg%20xmlns=\" http:=\"\" data-src=\"https:\/\/www.europesays.com\/fr\/wp-content\/uploads\/2026\/03\/1772634676_452_f61d6310189fcf678f92c1d7654c07221abc3d712df3fe26393003e95faa2d83.jpeg\" data- class=\"avatar avatar-96 photo lazy\" height=\"96\" width=\"96\"\/><\/a><br \/>\nA propos de l\u2019auteur<br \/>\n<a href=\"https:\/\/www.welovetennis.fr\/author\/tsuscillon\" data-wpel-link=\"internal\" rel=\"nofollow noopener\" target=\"_blank\">Thomas S<\/a><\/p>\n<p class=\"wlt-author-bio\">Journaliste \/ R\u00e9dacteur chez We Love Tennis.<\/p>\n","protected":false},"excerpt":{"rendered":"Co\u2010animateur du podcast, Nothing Major, aux c\u00f4t\u00e9s de ses compa\u00adtriotes Sam Querrey, Jack Sock et Steve Johnson, John&hellip;\n","protected":false},"author":2,"featured_media":500076,"comment_status":"","ping_status":"","sticky":false,"template":"","format":"standard","meta":{"footnotes":"","_share_on_mastodon":"0"},"categories":[1415],"tags":[1744,105,1011,27,21365,2127,60,1467],"class_list":["post-775169","post","type-post","status-publish","format-standard","has-post-thumbnail","category-tennis","tag-alcaraz","tag-djokovic","tag-fr","tag-france","tag-isner","tag-sinner","tag-sports","tag-tennis"],"share_on_mastodon":{"url":"https:\/\/pubeurope.com\/@fr\/116171393368365034","error":""},"_links":{"self":[{"href":"https:\/\/www.europesays.com\/fr\/wp-json\/wp\/v2\/posts\/775169","targetHints":{"allow":["GET"]}}],"collection":[{"href":"https:\/\/www.europesays.com\/fr\/wp-json\/wp\/v2\/posts"}],"about":[{"href":"https:\/\/www.europesays.com\/fr\/wp-json\/wp\/v2\/types\/post"}],"author":[{"embeddable":true,"href":"https:\/\/www.europesays.com\/fr\/wp-json\/wp\/v2\/users\/2"}],"replies":[{"embeddable":true,"href":"https:\/\/www.europesays.com\/fr\/wp-json\/wp\/v2\/comments?post=775169"}],"version-history":[{"count":0,"href":"https:\/\/www.europesays.com\/fr\/wp-json\/wp\/v2\/posts\/775169\/revisions"}],"wp:featuredmedia":[{"embeddable":true,"href":"https:\/\/www.europesays.com\/fr\/wp-json\/wp\/v2\/media\/500076"}],"wp:attachment":[{"href":"https:\/\/www.europesays.com\/fr\/wp-json\/wp\/v2\/media?parent=775169"}],"wp:term":[{"taxonomy":"category","embeddable":true,"href":"https:\/\/www.europesays.com\/fr\/wp-json\/wp\/v2\/categories?post=775169"},{"taxonomy":"post_tag","embeddable":true,"href":"https:\/\/www.europesays.com\/fr\/wp-json\/wp\/v2\/tags?post=775169"}],"curies":[{"name":"wp","href":"https:\/\/api.w.org\/{rel}","templated":true}]}}