{"id":775221,"date":"2026-03-04T15:04:12","date_gmt":"2026-03-04T15:04:12","guid":{"rendered":"https:\/\/www.europesays.com\/fr\/775221\/"},"modified":"2026-03-04T15:04:12","modified_gmt":"2026-03-04T15:04:12","slug":"les-voleurs-de-carburant-pieges-par-ce-systeme-recemment-installe","status":"publish","type":"post","link":"https:\/\/www.europesays.com\/fr\/775221\/","title":{"rendered":"les voleurs de carburant pi\u00e9g\u00e9s par ce syst\u00e8me r\u00e9cemment install\u00e9"},"content":{"rendered":"<p>                    Par<br \/>\n        <strong><br \/>\n            <a href=\"https:\/\/actu.fr\/auteur\/laurene-fertin\" title=\"Consulter tous les articles de Laur\u00e8ne Fertin\" rel=\"nofollow noopener\" target=\"_blank\">Laur\u00e8ne Fertin<\/a><br \/>\n                    <\/strong><\/p>\n<p>        Publi\u00e9 le<\/p>\n<p>            4 mars 2026 \u00e0 16h02        <\/p>\n<p>C\u2019est une <strong>affaire rondement bien men\u00e9e<\/strong> sur laquelle le commandant de la <a href=\"https:\/\/actu.fr\/tag\/gendarmerie\" rel=\"nofollow noopener\" target=\"_blank\">gendarmerie<\/a> de <a href=\"https:\/\/actu.fr\/bretagne\/montfort-sur-meu_35188\" rel=\"nofollow noopener\" target=\"_blank\">Montfort-sur-Meu<\/a> a tenu \u00e0 communiquer.<\/p>\n<p class=\" wall-content\">En pleine nuit, le <strong>vendredi 5\u00a0d\u00e9cembre, aux alentours de 1h45 du matin,<\/strong> le centre op\u00e9rationnel et de renseignement de la gendarmerie de <a href=\"https:\/\/actu.fr\/rennes\/\" rel=\"nofollow noopener\" target=\"_blank\">Rennes<\/a> est inform\u00e9 de <strong>l\u2019intrusion d\u2019individus sur le site de l\u2019entreprise Menard TP<\/strong>, implant\u00e9e dans la zone artisanale des Tisserands, \u00e0 <a href=\"https:\/\/actu.fr\/bretagne\/montauban-de-bretagne_35184\" rel=\"nofollow noopener\" target=\"_blank\">Montauban-de-Bretagne<\/a>, \u00e0 l\u2019ouest de l\u2019<a href=\"https:\/\/actu.fr\/bretagne\/ille-et-vilaine_35\" rel=\"nofollow noopener\" target=\"_blank\">Ille-et-Vilaine<\/a>.<\/p>\n<p>Gr\u00e2ce \u00e0 la centrale de t\u00e9l\u00e9surveillance<\/p>\n<p class=\" wall-content\">C\u2019est plus pr\u00e9cis\u00e9ment<strong> la centrale de t\u00e9l\u00e9surveillance, <\/strong>gr\u00e2ce au syst\u00e8me d\u2019alarme et de cam\u00e9ras install\u00e9 au sein de la soci\u00e9t\u00e9, qui a donn\u00e9 l\u2019alerte aux forces de l\u2019ordre.<\/p>\n<p class=\" wall-content\">Une installation qui ne date que du mois de septembre 2025, pour un <strong>co\u00fbt de 15 000 euros<\/strong>, apr\u00e8s de nombreux vols, dont celui de deux camions-bennes. \u00ab\u00a0J\u2019attends encore des nouvelles des suites judiciaires pour cette affaire\u00a0\u00bb, souligne Vincent Gautier-Sauvagnac, le dirigeant, contact\u00e9 par <a href=\"https:\/\/actu.fr\/rennes\/\" rel=\"nofollow noopener\" target=\"_blank\">actu Rennes<\/a>.<\/p>\n<p class=\" wall-content\">Ce soir de d\u00e9cembre 2025, le <strong>Psig<\/strong> (peloton de surveillance et d\u2019intervention de la gendarmerie) de Montfort-sur-Meu et les <strong>gendarmes<\/strong> de la communaut\u00e9 de brigade de Montauban-de-Bretagne ont en tout cas<strong> pu intervenir rapidement sur les lieux<\/strong>.<\/p>\n<p class=\" wall-content\">Sur place, ils <strong>interpellent en flagrant d\u00e9lit un individu<\/strong> en train de voler du carburant dans des v\u00e9hicules de l\u2019entreprise de travaux publics. \u00ab\u2009Des <strong>bidons<\/strong> de carburant et le <strong>mat\u00e9riel de siphonnage<\/strong> sont <strong>saisis<\/strong> sur les lieux \u00bb, d\u00e9taille la gendarmerie.<\/p>\n<blockquote class=\"ac-article-quote wall-content\">\n<p>Les investigations diligent\u00e9es par la suite permettront d&rsquo;identifier le second mis en cause qui, au cours de sa garde \u00e0 vue, reconna\u00eetra \u00e9galement son implication dans les faits.<\/p>\n<p>    <strong>Gendarmerie<\/strong>\n            <\/p><\/blockquote>\n<p>Les \u00e9lections municipales 2026<\/p>\n<p>Suivez toutes les actualit\u00e9s des municipales 2026 dans une seule newsletter.<\/p>\n<p>    <a href=\"http:\/\/actu.fr\/newsletter\/#encampagne_preview\" class=\"ac-btn ac-btn--corner ac-btn--medium ac-btn--blue800\" rel=\"nofollow noopener\" target=\"_blank\">S&rsquo;inscrire<\/a><\/p>\n<p>Convoqu\u00e9s devant le tribunal en janvier\u00a02027<\/p>\n<p class=\" wall-content\">Les deux mis en cause sont maintenant <strong>convoqu\u00e9s devant le tribunal judiciaire <\/strong>en\u00a0<strong>janvier 2027\u00a0<\/strong>dans le cadre d\u2019une comparution sur reconnaissance pr\u00e9alable de culpabilit\u00e9.<\/p>\n<p class=\" wall-content\">\u00ab\u2009Cette <strong>intervention met en exergue la compl\u00e9mentarit\u00e9 des \u00e9quipements de pr\u00e9vention<\/strong> avec les services de la gendarmerie dans la lutte contre les atteintes aux biens\u2009\u00bb, conclut le commandant de gendarmerie.<\/p>\n<p class=\" wall-content\">Personnalisez votre actualit\u00e9 en ajoutant vos villes et m\u00e9dias en favori avec <a href=\"https:\/\/moncompte.actu.fr\" title=\"D\u00e9couvez Mon Actu\" rel=\"nofollow noopener\" data-trk=\"{&quot;cta&quot;:{&quot;action&quot;:&quot;https:\\\/\\\/moncompte.actu.fr&quot;,&quot;category&quot;:&quot;mon compte&quot;,&quot;from&quot;:&quot;article footer&quot;,&quot;name&quot;:&quot;Mon actu&quot;,&quot;type&quot;:&quot;cta&quot;}}\" target=\"_blank\">Mon Actu<\/a>.<\/p>\n","protected":false},"excerpt":{"rendered":"Par Laur\u00e8ne Fertin Publi\u00e9 le 4 mars 2026 \u00e0 16h02 C\u2019est une affaire rondement bien men\u00e9e sur laquelle&hellip;\n","protected":false},"author":2,"featured_media":775222,"comment_status":"","ping_status":"","sticky":false,"template":"","format":"standard","meta":{"footnotes":"","_share_on_mastodon":"0"},"categories":[2821],"tags":[1111,11,829,4996,1777,674,118,1011,27,3381,303,12,584,25],"class_list":["post-775221","post","type-post","status-publish","format-standard","has-post-thumbnail","category-rennes","tag-actu","tag-actualites","tag-bretagne","tag-carburants","tag-eu","tag-europe","tag-faits-divers","tag-fr","tag-france","tag-gendarmerie","tag-justice","tag-news","tag-rennes","tag-republique-francaise"],"share_on_mastodon":{"url":"https:\/\/pubeurope.com\/@fr\/116171523277001577","error":""},"_links":{"self":[{"href":"https:\/\/www.europesays.com\/fr\/wp-json\/wp\/v2\/posts\/775221","targetHints":{"allow":["GET"]}}],"collection":[{"href":"https:\/\/www.europesays.com\/fr\/wp-json\/wp\/v2\/posts"}],"about":[{"href":"https:\/\/www.europesays.com\/fr\/wp-json\/wp\/v2\/types\/post"}],"author":[{"embeddable":true,"href":"https:\/\/www.europesays.com\/fr\/wp-json\/wp\/v2\/users\/2"}],"replies":[{"embeddable":true,"href":"https:\/\/www.europesays.com\/fr\/wp-json\/wp\/v2\/comments?post=775221"}],"version-history":[{"count":0,"href":"https:\/\/www.europesays.com\/fr\/wp-json\/wp\/v2\/posts\/775221\/revisions"}],"wp:featuredmedia":[{"embeddable":true,"href":"https:\/\/www.europesays.com\/fr\/wp-json\/wp\/v2\/media\/775222"}],"wp:attachment":[{"href":"https:\/\/www.europesays.com\/fr\/wp-json\/wp\/v2\/media?parent=775221"}],"wp:term":[{"taxonomy":"category","embeddable":true,"href":"https:\/\/www.europesays.com\/fr\/wp-json\/wp\/v2\/categories?post=775221"},{"taxonomy":"post_tag","embeddable":true,"href":"https:\/\/www.europesays.com\/fr\/wp-json\/wp\/v2\/tags?post=775221"}],"curies":[{"name":"wp","href":"https:\/\/api.w.org\/{rel}","templated":true}]}}