{"id":77542,"date":"2025-05-05T20:35:09","date_gmt":"2025-05-05T20:35:09","guid":{"rendered":"https:\/\/www.europesays.com\/fr\/77542\/"},"modified":"2025-05-05T20:35:09","modified_gmt":"2025-05-05T20:35:09","slug":"un-appel-pour-sauver-lhorloge-de-linstitution-sainte-marie-a-la-seyne","status":"publish","type":"post","link":"https:\/\/www.europesays.com\/fr\/77542\/","title":{"rendered":"Un appel pour \u00ab\u00a0sauver\u00a0\u00bb l\u2019horloge de l\u2019institution Sainte-Marie \u00e0 La Seyne"},"content":{"rendered":"<p>Positionn\u00e9e \u00e0 plus de 25m\u00e8tres de hauteur sur la fa\u00e7ade du b\u00e2timent principal, l\u2019horloge murale de l\u2019institution Sainte-Marie est visible de tous. Durant des d\u00e9cennies, elle a rythm\u00e9 le temps des \u00e9l\u00e8ves et des passants.<\/p>\n<p>Mais aujourd\u2019hui, son m\u00e9canisme est hors d\u2019usage et l\u2019horloge n\u00e9cessite une restauration afin qu\u2019elle retrouve sa splendeur et sa fonctionnalit\u00e9.<\/p>\n<p>Raison pour laquelle l\u2019association des anciens \u00e9l\u00e8ves lance une souscription publique et fait appel \u00e0 la g\u00e9n\u00e9rosit\u00e9 de tous.<\/p>\n<p>\u00ab\u00a0Chaque contribution, m\u00eame la plus modeste, contribuera \u00e0 redonner vie \u00e0 cette horloge, symbole du temps qui passe et de l\u2019h\u00e9ritage qui sera transmis aux g\u00e9n\u00e9rations futures\u00a0\u00bb, indique l\u2019association qui souhaite \u00ab\u00a0pr\u00e9server ce patrimoine commun\u00a0\u00bb.<\/p>\n<p>N\u00e9cessit\u00e9 d\u2019un financement \u00ab\u00a0sp\u00e9cifique\u00a0\u00bb<\/p>\n<p>Pourquoi ne pas financer la restauration sur les fonds propres de l\u2019\u00e9tablissement?<\/p>\n<p>En r\u00e9ponse \u00e0 cette question, un membre de l\u2019association r\u00e9pond que la contribution des 630 \u00e9l\u00e8ves (tarif d&rsquo;entr\u00e9e \u00e0 partir de 1.700 euros par an) \u00ab\u00a0sert avant tout \u00e0 couvrir les frais de fonctionnement: r\u00e9mun\u00e9ration du personnel \u00e9ducatif (hors personnel enseignant r\u00e9mun\u00e9r\u00e9 par l\u2019\u00c9ducation nationale), entretien des locaux, restauration scolaire, etc. Ces d\u00e9penses absorbent la quasi-totalit\u00e9 du budget de l\u2019\u00e9tablissement. Les projets patrimoniaux exceptionnels n\u00e9cessitent donc un financement sp\u00e9cifique, en dehors du budget de fonctionnement courant\u00a0\u00bb.<\/p>\n<p>Il est pr\u00e9cis\u00e9 \u00e9galement que, le b\u00e2timent \u00e9tant class\u00e9, l\u2019op\u00e9ration \u00ab\u00a0impose de faire appel \u00e0 des professionnels agr\u00e9\u00e9s par les Monuments historiques, seuls habilit\u00e9s \u00e0 intervenir sur ce type de patrimoine\u00a0\u00bb.<\/p>\n<p>Selon un devis d\u00e9j\u00e0 r\u00e9alis\u00e9, le co\u00fbt de la r\u00e9paration s\u2019\u00e9l\u00e8verait \u00e0 environ 8.000 euros.<\/p>\n<p>Pour y contribuer, il est possible d\u2019adresser un ch\u00e8que par courrier \u00e0 Association des anciens \u00e9l\u00e8ves, 1 place Germain-Loro, 83500 La Seyne ou via le site helloasso.com (dans le moteur de recherche, saisir \u00ab\u00a03 AISM remise en \u00e9tat de l\u2019horloge\u00a0\u00bb). M. G.<\/p>\n","protected":false},"excerpt":{"rendered":"Positionn\u00e9e \u00e0 plus de 25m\u00e8tres de hauteur sur la fa\u00e7ade du b\u00e2timent principal, l\u2019horloge murale de l\u2019institution Sainte-Marie&hellip;\n","protected":false},"author":2,"featured_media":77543,"comment_status":"","ping_status":"","sticky":false,"template":"","format":"standard","meta":{"footnotes":""},"categories":[9619],"tags":[1111,11,1777,674,1011,27,12,882,25,2310,3366],"class_list":{"0":"post-77542","1":"post","2":"type-post","3":"status-publish","4":"format-standard","5":"has-post-thumbnail","7":"category-toulon","8":"tag-actu","9":"tag-actualites","10":"tag-eu","11":"tag-europe","12":"tag-fr","13":"tag-france","14":"tag-news","15":"tag-provence-alpes-cote-dazur","16":"tag-republique-francaise","17":"tag-toulon","18":"tag-vie-locale"},"share_on_mastodon":{"url":"https:\/\/pubeurope.com\/@fr\/114457144408703137","error":""},"_links":{"self":[{"href":"https:\/\/www.europesays.com\/fr\/wp-json\/wp\/v2\/posts\/77542","targetHints":{"allow":["GET"]}}],"collection":[{"href":"https:\/\/www.europesays.com\/fr\/wp-json\/wp\/v2\/posts"}],"about":[{"href":"https:\/\/www.europesays.com\/fr\/wp-json\/wp\/v2\/types\/post"}],"author":[{"embeddable":true,"href":"https:\/\/www.europesays.com\/fr\/wp-json\/wp\/v2\/users\/2"}],"replies":[{"embeddable":true,"href":"https:\/\/www.europesays.com\/fr\/wp-json\/wp\/v2\/comments?post=77542"}],"version-history":[{"count":0,"href":"https:\/\/www.europesays.com\/fr\/wp-json\/wp\/v2\/posts\/77542\/revisions"}],"wp:featuredmedia":[{"embeddable":true,"href":"https:\/\/www.europesays.com\/fr\/wp-json\/wp\/v2\/media\/77543"}],"wp:attachment":[{"href":"https:\/\/www.europesays.com\/fr\/wp-json\/wp\/v2\/media?parent=77542"}],"wp:term":[{"taxonomy":"category","embeddable":true,"href":"https:\/\/www.europesays.com\/fr\/wp-json\/wp\/v2\/categories?post=77542"},{"taxonomy":"post_tag","embeddable":true,"href":"https:\/\/www.europesays.com\/fr\/wp-json\/wp\/v2\/tags?post=77542"}],"curies":[{"name":"wp","href":"https:\/\/api.w.org\/{rel}","templated":true}]}}