{"id":77546,"date":"2025-05-05T20:38:09","date_gmt":"2025-05-05T20:38:09","guid":{"rendered":"https:\/\/www.europesays.com\/fr\/77546\/"},"modified":"2025-05-05T20:38:09","modified_gmt":"2025-05-05T20:38:09","slug":"wahbi-khazri-juge-les-critiques-a-son-encontre-injustes-france-montpellier","status":"publish","type":"post","link":"https:\/\/www.europesays.com\/fr\/77546\/","title":{"rendered":"Wahbi Khazri juge les critiques \u00e0 son encontre injustes &#8211; France &#8211; Montpellier"},"content":{"rendered":"<p>Une deuxi\u00e8me rel\u00e9gation en trois ans, quand m\u00eame.<\/p>\n<p>Apr\u00e8s avoir fait partie de l\u2019\u00e9quipe de Saint-\u00c9tienne entr\u00e9e dans l\u2019histoire pour sa chute en Ligue 2, Wahbi Khazri go\u00fbte de nouveau am\u00e8rement \u00e0 la descente cette saison, <a target=\"_blank\" href=\"https:\/\/www.sofoot.com\/articles\/montpellier-quitte-la-ligue-1-pour-la-ligue-2-la-crise-de-la-cinquantaine\" rel=\"noopener nofollow\">avec Montpellier<\/a>. Dans un entretien accord\u00e9 \u00e0 <a target=\"_blank\" href=\"https:\/\/www.lequipe.fr\/Football\/Article\/-je-suis-le-coupable-ideal-critique-apres-la-relegation-de-montpellier-wahbi-khazri-regle-ses-comptes\/1559377\" rel=\"noopener nofollow\">L\u2019\u00c9quipe<\/a>, l\u2019international tunisien avoue \u00ab\u00a0mal\u00a0\u00bb vivre la situation, m\u00eame s\u2019il reconna\u00eet que l\u2019effectif \u00ab\u00a0n\u2019a que ce que [qu\u2019il] m\u00e9rite, <strong>Montpellier a l\u2019\u00e9quipe la plus faible de Ligue 1<\/strong>\u00a0\u00bb.<\/p>\n<p>Une r\u00e9ponse ferme \u00e0 Der Zakarian<\/p>\n<p>Ces derni\u00e8res semaines, celui qui est arriv\u00e9 au MHSC \u00e0 l\u2019\u00e9t\u00e9 2022 est <a target=\"_blank\" href=\"https:\/\/www.sofoot.com\/breves\/nouvelles-tensions-entre-wahbi-khazri-et-des-supporters-de-montpellier\" rel=\"noopener nofollow\">particuli\u00e8rement cibl\u00e9 par les supporters<\/a>. \u00ab\u202fUne calzone pour Khazri, un casse-dalle pour T\u00e9ji\u202f\u00bb,\u00a0avaient notamment scand\u00e9 quelques trublions, pr\u00e9f\u00e9rant rire devant une \u00e9ni\u00e8me prestation insipide <a target=\"_blank\" href=\"https:\/\/www.sofoot.com\/breves\/ligue-1-auxerre-terrorise-lens-toulouse-resiste-a-nantes-et-reims-stagne-a-montpellier\" rel=\"noopener nofollow\">face \u00e0 Reims (0-0)<\/a>. Le principal int\u00e9ress\u00e9 estime qu\u2019il est \u00ab\u00a0<strong>trop facile de toujours tirer sur les m\u00eames<\/strong> et de [le] faire passer pour le m\u00e9chant de service\u00a0\u00bb.<\/p>\n<p>Wahbi Khazri fustige notamment les propos que Michel Der Zakarian a tenu <a target=\"_blank\" href=\"https:\/\/www.sofoot.com\/magazines\/andy-carroll-der-zakarian-luis-diaz-au-sommaire-du-nouveau-numero-de-so-foot\" rel=\"noopener nofollow\">dans les colonnes de So Foot<\/a>, apr\u00e8s son d\u00e9part du club, o\u00f9 il critiquait la condition physique des deux cadres. \u00ab\u00a0Un soi-disant coach part, il sort les pistolets et balance des grenades. Vous pensez vraiment qu\u2019avec T\u00e9ji Savanier, on a 5 voire 8 kilos en trop, pour reprendre ses propos ? Si c\u2019\u00e9tait le cas, tu ne peux pas jouer \u00e0 ce niveau. On aurait \u00ab\u00a0p\u00e9t\u00e9\u00a0\u00bb \u00e0 tout va. (\u2026) <strong>Je n\u2019ai pas jou\u00e9 la carotte, jamais l\u00e2ch\u00e9 ni suis arriv\u00e9 en retard, contrairement \u00e0 certains.<\/strong> Si vous regardez mes donn\u00e9es GPS, vous verrez que je n\u2019ai jamais \u00e9t\u00e9 en dessous des autres. Notamment dans les courses \u00e0 haute intensit\u00e9. Je ne suis pas parfait. Mais quand je vois l\u2019image que l\u2019on me donne, \u00e7a me d\u00e9sole. Parlez-moi plut\u00f4t de ses performances tactiques\u00a0\u00bb, a-t-il lanc\u00e9.<\/p>\n<p>R\u00e8glements de comptes \u00e0 la Paillade.<\/p>\n<p>\t\t\t\t\t\t\t\t\t\t<a class=\"lien-connexe\" href=\"https:\/\/www.sofoot.com\/breves\/ligue-1-le-havre-simpose-sur-le-gong-a-auxerre-brest-se-joue-de-montpellier\" rel=\"nofollow noopener\" target=\"_blank\">Le Havre s\u2019impose sur le gong \u00e0 Auxerre, Brest se joue de Montpellier<\/a>\t\t\t\t\t<\/p>\n","protected":false},"excerpt":{"rendered":"Une deuxi\u00e8me rel\u00e9gation en trois ans, quand m\u00eame. Apr\u00e8s avoir fait partie de l\u2019\u00e9quipe de Saint-\u00c9tienne entr\u00e9e dans&hellip;\n","protected":false},"author":2,"featured_media":77547,"comment_status":"","ping_status":"","sticky":false,"template":"","format":"standard","meta":{"footnotes":""},"categories":[9599],"tags":[1111,47,11,61,69,65,64,1777,674,63,1011,27,68,66,2208,12,62,2680,70,25,67],"class_list":{"0":"post-77546","1":"post","2":"type-post","3":"status-publish","4":"format-standard","5":"has-post-thumbnail","7":"category-montpellier","8":"tag-actu","9":"tag-actualite","10":"tag-actualites","11":"tag-actus-football","12":"tag-bundesliga","13":"tag-championnats-europeens","14":"tag-equipe-de-france","15":"tag-eu","16":"tag-europe","17":"tag-football","18":"tag-fr","19":"tag-france","20":"tag-ligua","21":"tag-ligue-1","22":"tag-montpellier","23":"tag-news","24":"tag-news-foot","25":"tag-occitanie","26":"tag-premier-league","27":"tag-republique-francaise","28":"tag-serie-a"},"share_on_mastodon":{"url":"https:\/\/pubeurope.com\/@fr\/114457156218851997","error":""},"_links":{"self":[{"href":"https:\/\/www.europesays.com\/fr\/wp-json\/wp\/v2\/posts\/77546","targetHints":{"allow":["GET"]}}],"collection":[{"href":"https:\/\/www.europesays.com\/fr\/wp-json\/wp\/v2\/posts"}],"about":[{"href":"https:\/\/www.europesays.com\/fr\/wp-json\/wp\/v2\/types\/post"}],"author":[{"embeddable":true,"href":"https:\/\/www.europesays.com\/fr\/wp-json\/wp\/v2\/users\/2"}],"replies":[{"embeddable":true,"href":"https:\/\/www.europesays.com\/fr\/wp-json\/wp\/v2\/comments?post=77546"}],"version-history":[{"count":0,"href":"https:\/\/www.europesays.com\/fr\/wp-json\/wp\/v2\/posts\/77546\/revisions"}],"wp:featuredmedia":[{"embeddable":true,"href":"https:\/\/www.europesays.com\/fr\/wp-json\/wp\/v2\/media\/77547"}],"wp:attachment":[{"href":"https:\/\/www.europesays.com\/fr\/wp-json\/wp\/v2\/media?parent=77546"}],"wp:term":[{"taxonomy":"category","embeddable":true,"href":"https:\/\/www.europesays.com\/fr\/wp-json\/wp\/v2\/categories?post=77546"},{"taxonomy":"post_tag","embeddable":true,"href":"https:\/\/www.europesays.com\/fr\/wp-json\/wp\/v2\/tags?post=77546"}],"curies":[{"name":"wp","href":"https:\/\/api.w.org\/{rel}","templated":true}]}}