{"id":77551,"date":"2025-05-05T20:41:23","date_gmt":"2025-05-05T20:41:23","guid":{"rendered":"https:\/\/www.europesays.com\/fr\/77551\/"},"modified":"2025-05-05T20:41:23","modified_gmt":"2025-05-05T20:41:23","slug":"grenoble-le-minimistan-transforme-en-friperie-geante","status":"publish","type":"post","link":"https:\/\/www.europesays.com\/fr\/77551\/","title":{"rendered":"Grenoble. Le Minimistan transform\u00e9 en friperie g\u00e9ante"},"content":{"rendered":"<p>Robe, top, pantalon Y2K, sweat, t-shirt, jeans\u2026 Le Minimistan va se transformer en friperie g\u00e9ante. Pi\u00e8ces rares et de marques, trenchs et cuirs, cr\u00e9ateurs de bijoux, d\u00e9co, mode\u2026 Le travail exceptionnel d\u2019artisans locaux. Laissez libre cours \u00e0 votre cr\u00e9ativit\u00e9 avec des tatouages, des strass dentaires, du piercing et du nail art. Tout un espace d\u00e9di\u00e9 \u00e0 la cr\u00e9ativit\u00e9 et au selfcare. Concert \u00e0 20heures le vendredi soir avec Radix et son ambiance dancefloor d\u2019un squat berlinois des ann\u00e9es 90.<\/p>\n<p class=\"note\">Du jeudi\u00a08 au samedi 10\u00a0mai de 10 \u00e0 21 heures au Minimistan \u00e0 Grenoble. Entr\u00e9e gratuite.<\/p>\n","protected":false},"excerpt":{"rendered":"Robe, top, pantalon Y2K, sweat, t-shirt, jeans\u2026 Le Minimistan va se transformer en friperie g\u00e9ante. Pi\u00e8ces rares et&hellip;\n","protected":false},"author":2,"featured_media":77552,"comment_status":"","ping_status":"","sticky":false,"template":"","format":"standard","meta":{"footnotes":""},"categories":[9566],"tags":[1111,11,2430,130,1687,112,1777,674,1011,27,2731,2732,108,12,25,3140],"class_list":{"0":"post-77551","1":"post","2":"type-post","3":"status-publish","4":"format-standard","5":"has-post-thumbnail","7":"category-grenoble","8":"tag-actu","9":"tag-actualites","10":"tag-auvergne-rhone-alpes","11":"tag-consommation","12":"tag-culture-loisirs","13":"tag-edition-grenoble-agglomeration","14":"tag-eu","15":"tag-europe","16":"tag-fr","17":"tag-france","18":"tag-grenoble","19":"tag-grenoble-bassin","20":"tag-isere","21":"tag-news","22":"tag-republique-francaise","23":"tag-spectacle"},"share_on_mastodon":{"url":"https:\/\/pubeurope.com\/@fr\/114457168082521504","error":""},"_links":{"self":[{"href":"https:\/\/www.europesays.com\/fr\/wp-json\/wp\/v2\/posts\/77551","targetHints":{"allow":["GET"]}}],"collection":[{"href":"https:\/\/www.europesays.com\/fr\/wp-json\/wp\/v2\/posts"}],"about":[{"href":"https:\/\/www.europesays.com\/fr\/wp-json\/wp\/v2\/types\/post"}],"author":[{"embeddable":true,"href":"https:\/\/www.europesays.com\/fr\/wp-json\/wp\/v2\/users\/2"}],"replies":[{"embeddable":true,"href":"https:\/\/www.europesays.com\/fr\/wp-json\/wp\/v2\/comments?post=77551"}],"version-history":[{"count":0,"href":"https:\/\/www.europesays.com\/fr\/wp-json\/wp\/v2\/posts\/77551\/revisions"}],"wp:featuredmedia":[{"embeddable":true,"href":"https:\/\/www.europesays.com\/fr\/wp-json\/wp\/v2\/media\/77552"}],"wp:attachment":[{"href":"https:\/\/www.europesays.com\/fr\/wp-json\/wp\/v2\/media?parent=77551"}],"wp:term":[{"taxonomy":"category","embeddable":true,"href":"https:\/\/www.europesays.com\/fr\/wp-json\/wp\/v2\/categories?post=77551"},{"taxonomy":"post_tag","embeddable":true,"href":"https:\/\/www.europesays.com\/fr\/wp-json\/wp\/v2\/tags?post=77551"}],"curies":[{"name":"wp","href":"https:\/\/api.w.org\/{rel}","templated":true}]}}