{"id":775588,"date":"2026-03-04T18:36:18","date_gmt":"2026-03-04T18:36:18","guid":{"rendered":"https:\/\/www.europesays.com\/fr\/775588\/"},"modified":"2026-03-04T18:36:18","modified_gmt":"2026-03-04T18:36:18","slug":"un-feu-de-comble-se-declare-dans-le-centre-historique-52-sapeurs-pompiers-mobilises","status":"publish","type":"post","link":"https:\/\/www.europesays.com\/fr\/775588\/","title":{"rendered":"\u00ab\u00a0un feu de comble\u00a0\u00bb se d\u00e9clare dans le centre historique, 52 sapeurs-pompiers mobilis\u00e9s"},"content":{"rendered":"<p>                    Par<br \/>\n        <strong><br \/>\n            <a href=\"https:\/\/actu.fr\/auteur\/clemence-pays02-actu-fr\" title=\"Consulter tous les articles de Cl\u00e9mence Pays\" rel=\"nofollow noopener\" target=\"_blank\">Cl\u00e9mence Pays<\/a><br \/>\n                    <\/strong><\/p>\n<p>        Publi\u00e9 le<\/p>\n<p>            4 mars 2026 \u00e0 18h54        <\/p>\n<p>Ce n\u2019est pas moins de <strong>52 sapeurs-pompiers<\/strong> et 22 v\u00e9hicules du Service d\u00e9partemental d\u2019incendie et de secours (Sdis 35) qui sont mobilis\u00e9s dans le centre-ville de <a href=\"https:\/\/actu.fr\/rennes\/\" rel=\"nofollow noopener\" target=\"_blank\">Rennes<\/a>, ce mercredi 4 mars 2026. Depuis 18h14, les secours interviennent au<strong> 3, rue de la Monnaie \u00ab\u00a0pour un feu de comble\u00a0\u00bb.\u00a0<\/strong>Cette adresse correspond \u00e0 <strong>l\u2019immeuble<\/strong> qui abrite les boutiques ba&amp;sh et Paraboot.<\/p>\n<p>Un risque de propagation<\/p>\n<p class=\" wall-content\">\u00c0 l\u2019heure o\u00f9 nous \u00e9crivons ces lignes, les sapeurs-pompiers ont trouv\u00e9<strong> \u00ab\u00a0un feu de papier\u00a0\u00bb,<\/strong> informe le Codis. Sur place, les reconnaissances se poursuivent. En effet, les soldats du feu <strong>craignent \u00ab\u00a0une propagation \u00e0 la toiture\u00a0\u00bb.\u00a0<\/strong><\/p>\n<p class=\" wall-content\">Aucune victime n\u2019est \u00e0 d\u00e9plorer. La police municipale et la police nationale sont \u00e9galement mobilis\u00e9es.<\/p>\n<p class=\" wall-content\">Personnalisez votre actualit\u00e9 en ajoutant vos villes et m\u00e9dias en favori avec <a href=\"https:\/\/moncompte.actu.fr\" title=\"D\u00e9couvez Mon Actu\" rel=\"nofollow noopener\" data-trk=\"{&quot;cta&quot;:{&quot;action&quot;:&quot;https:\\\/\\\/moncompte.actu.fr&quot;,&quot;category&quot;:&quot;mon compte&quot;,&quot;from&quot;:&quot;article footer&quot;,&quot;name&quot;:&quot;Mon actu&quot;,&quot;type&quot;:&quot;cta&quot;}}\" target=\"_blank\">Mon Actu<\/a>.<\/p>\n","protected":false},"excerpt":{"rendered":"Par Cl\u00e9mence Pays Publi\u00e9 le 4 mars 2026 \u00e0 18h54 Ce n\u2019est pas moins de 52 sapeurs-pompiers et&hellip;\n","protected":false},"author":2,"featured_media":775589,"comment_status":"","ping_status":"","sticky":false,"template":"","format":"standard","meta":{"footnotes":"","_share_on_mastodon":"0"},"categories":[2821],"tags":[1111,11,829,1777,674,118,1011,27,1310,12,1311,584,25],"class_list":["post-775588","post","type-post","status-publish","format-standard","has-post-thumbnail","category-rennes","tag-actu","tag-actualites","tag-bretagne","tag-eu","tag-europe","tag-faits-divers","tag-fr","tag-france","tag-incendie","tag-news","tag-pompiers","tag-rennes","tag-republique-francaise"],"share_on_mastodon":{"url":"https:\/\/pubeurope.com\/@fr\/116172356841715081","error":""},"_links":{"self":[{"href":"https:\/\/www.europesays.com\/fr\/wp-json\/wp\/v2\/posts\/775588","targetHints":{"allow":["GET"]}}],"collection":[{"href":"https:\/\/www.europesays.com\/fr\/wp-json\/wp\/v2\/posts"}],"about":[{"href":"https:\/\/www.europesays.com\/fr\/wp-json\/wp\/v2\/types\/post"}],"author":[{"embeddable":true,"href":"https:\/\/www.europesays.com\/fr\/wp-json\/wp\/v2\/users\/2"}],"replies":[{"embeddable":true,"href":"https:\/\/www.europesays.com\/fr\/wp-json\/wp\/v2\/comments?post=775588"}],"version-history":[{"count":0,"href":"https:\/\/www.europesays.com\/fr\/wp-json\/wp\/v2\/posts\/775588\/revisions"}],"wp:featuredmedia":[{"embeddable":true,"href":"https:\/\/www.europesays.com\/fr\/wp-json\/wp\/v2\/media\/775589"}],"wp:attachment":[{"href":"https:\/\/www.europesays.com\/fr\/wp-json\/wp\/v2\/media?parent=775588"}],"wp:term":[{"taxonomy":"category","embeddable":true,"href":"https:\/\/www.europesays.com\/fr\/wp-json\/wp\/v2\/categories?post=775588"},{"taxonomy":"post_tag","embeddable":true,"href":"https:\/\/www.europesays.com\/fr\/wp-json\/wp\/v2\/tags?post=775588"}],"curies":[{"name":"wp","href":"https:\/\/api.w.org\/{rel}","templated":true}]}}