{"id":775590,"date":"2026-03-04T18:37:16","date_gmt":"2026-03-04T18:37:16","guid":{"rendered":"https:\/\/www.europesays.com\/fr\/775590\/"},"modified":"2026-03-04T18:37:16","modified_gmt":"2026-03-04T18:37:16","slug":"un-grand-stade-a-rennes-cest-confirme","status":"publish","type":"post","link":"https:\/\/www.europesays.com\/fr\/775590\/","title":{"rendered":"Un grand stade \u00e0 Rennes, c&rsquo;est confirm\u00e9 !"},"content":{"rendered":"<p><b>Que ce soit via un agrandissement du Roazhon Park ou la construction d\u2019un nouveau stade, le Stade Rennais souhaite voir plus grand dans les ann\u00e9es \u00e0 venir. Un projet auquel le futur maire ne s\u2019opposera pas.<\/b><\/p>\n<p>Il y a tout juste un an, le journal L\u2019Equipe affirmait dans ses colonnes que la famille Pinault, qui ambitionnait un nouveau stade de 45.000 places, \u00e9tait finalement plut\u00f4t favorable \u00e0 l\u2019agrandissement du Roazhon Park. L\u2019enceinte du <a href=\"https:\/\/www.foot01.com\/rennes\/rennes-oublie-jacquet-avec-un-defenseur-meconnu\" target=\"_self\" rel=\"nofollow noopener\">Stade Rennais<\/a> compte actuellement une capacit\u00e9 de 29.700 places et le propri\u00e9taire du club voit plus grand pour l\u2019avenir. La construction d\u2019un nouveau stade a longtemps \u00e9t\u00e9 dans les tuyaux, mais le projet a finalement pris du plomb dans l\u2019aile. La tendance des derniers mois \u00e9tait donc \u00e0 un projet d\u2019agrandissement du Roazhon Park.<\/p>\n<p>D\u00e8s le mois de mars 2025, L\u2019Equipe pr\u00e9cisait n\u00e9anmoins que ce projet ne verrait pas le jour avant les prochaines municipales. Et pour cause, le ou la prochain(e) maire aura son mot \u00e0 dire dans ce dossier. Le T\u00e9l\u00e9gramme a ainsi \u00e9t\u00e9 interrog\u00e9 tous les candidats \u00e0 l\u2019\u00e9lection municipale dans la ville de Rennes sur ce sujet, \u00e0 savoir Marie Mesmeur (LFI), Ulysse Rabat\u00e9 (divers gauche), Nathalie App\u00e9r\u00e9 (PS), Charles Compagnon (centre droit), Julien Masson (RN) et Thomas Rousseau (LR). Et le moins que l\u2019on puisse dire, c\u2019est que les supporters du Stade Rennais qui vont voter \u00e0 cette \u00e9lection dans les prochains jours devront aller au-del\u00e0 du dossier du Roazhon Park pour faire leur choix dans les urnes.<\/p>\n<p>Effectivement, tous les candidats \u00e0 la mairie de Rennes interrog\u00e9s par Le T\u00e9l\u00e9gramme se sont prononc\u00e9s favorablement \u00e0 un agrandissement du Roazhon Park. Tous sont unanimes sur le fait qu\u2019il faudra laisser le choix \u00e0 la famille Pinault de faire les travaux n\u00e9cessaires dans l\u2019enceinte du Stade Rennais pour atteindre la capacit\u00e9 esp\u00e9r\u00e9e, \u00e0 savoir les 43 \u00e0 45.000 places vis\u00e9s par le propri\u00e9taire du club. Une excellente nouvelle pour Fran\u00e7ois Pinault ainsi que pour les supporters bretons, qui pourraient donc voir assez vite des travaux dans leur stade pour que celui-ci s\u2019agrandisse.<\/p>\n","protected":false},"excerpt":{"rendered":"Que ce soit via un agrandissement du Roazhon Park ou la construction d\u2019un nouveau stade, le Stade Rennais&hellip;\n","protected":false},"author":2,"featured_media":775591,"comment_status":"","ping_status":"","sticky":false,"template":"","format":"standard","meta":{"footnotes":"","_share_on_mastodon":"0"},"categories":[2821],"tags":[1111,11,829,1777,674,1011,27,66,12,584,25],"class_list":["post-775590","post","type-post","status-publish","format-standard","has-post-thumbnail","category-rennes","tag-actu","tag-actualites","tag-bretagne","tag-eu","tag-europe","tag-fr","tag-france","tag-ligue-1","tag-news","tag-rennes","tag-republique-francaise"],"share_on_mastodon":{"url":"https:\/\/pubeurope.com\/@fr\/116172360675234900","error":""},"_links":{"self":[{"href":"https:\/\/www.europesays.com\/fr\/wp-json\/wp\/v2\/posts\/775590","targetHints":{"allow":["GET"]}}],"collection":[{"href":"https:\/\/www.europesays.com\/fr\/wp-json\/wp\/v2\/posts"}],"about":[{"href":"https:\/\/www.europesays.com\/fr\/wp-json\/wp\/v2\/types\/post"}],"author":[{"embeddable":true,"href":"https:\/\/www.europesays.com\/fr\/wp-json\/wp\/v2\/users\/2"}],"replies":[{"embeddable":true,"href":"https:\/\/www.europesays.com\/fr\/wp-json\/wp\/v2\/comments?post=775590"}],"version-history":[{"count":0,"href":"https:\/\/www.europesays.com\/fr\/wp-json\/wp\/v2\/posts\/775590\/revisions"}],"wp:featuredmedia":[{"embeddable":true,"href":"https:\/\/www.europesays.com\/fr\/wp-json\/wp\/v2\/media\/775591"}],"wp:attachment":[{"href":"https:\/\/www.europesays.com\/fr\/wp-json\/wp\/v2\/media?parent=775590"}],"wp:term":[{"taxonomy":"category","embeddable":true,"href":"https:\/\/www.europesays.com\/fr\/wp-json\/wp\/v2\/categories?post=775590"},{"taxonomy":"post_tag","embeddable":true,"href":"https:\/\/www.europesays.com\/fr\/wp-json\/wp\/v2\/tags?post=775590"}],"curies":[{"name":"wp","href":"https:\/\/api.w.org\/{rel}","templated":true}]}}