{"id":77561,"date":"2025-05-05T20:46:15","date_gmt":"2025-05-05T20:46:15","guid":{"rendered":"https:\/\/www.europesays.com\/fr\/77561\/"},"modified":"2025-05-05T20:46:15","modified_gmt":"2025-05-05T20:46:15","slug":"strasbourg-deux-croix-gammees-taguees-pres-du-monument-des-justes","status":"publish","type":"post","link":"https:\/\/www.europesays.com\/fr\/77561\/","title":{"rendered":"Strasbourg. Deux croix gamm\u00e9es tagu\u00e9es pr\u00e8s du monument des Justes"},"content":{"rendered":"<p>Un croix gamm\u00e9es a \u00e9t\u00e9 grav\u00e9e sur un mur pr\u00e8s d&rsquo;un lieu de m\u00e9moire d\u00e9di\u00e9e aux Justes \u00e0 Strasbourg, nous apprennent les <a href=\"https:\/\/www.dna.fr\/faits-divers-justice\/2025\/05\/05\/strasbourg-deux-croix-gammees-pres-du-monument-des-justes\" target=\"_blank\" rel=\"nofollow noopener\">Derni\u00e8res Nouvelles d&rsquo;Alsace<\/a>. Cet acte antis\u00e9mite a eu lieu pr\u00e8s\u00a0de l&rsquo;all\u00e9e des Justes o\u00f9 s&rsquo;\u00e9levait l&rsquo;ancienne synagogue incendi\u00e9e et d\u00e9truite par les nazis.<\/p>\n<p>Ce sont des policiers en patrouille qui ont rep\u00e9r\u00e9 cette croix gamm\u00e9e de 10\u00a0cm sur\u00a010 dimanche. Maurice Dahan qui dirige le consistoire isra\u00e9lite du Bas-Rhin a d\u00e9p\u00each\u00e9 une personne sur place pour constater cet acte, laquelle a rep\u00e9r\u00e9 une autre croix gamm\u00e9e.<\/p>\n<p>Enqu\u00eate en cours<\/p>\n<p>Selon nos confr\u00e8res, les policiers vont tenter d&rsquo;exploiter les images de vid\u00e9osurveillance pour tenter de rep\u00e9rer les responsables.<\/p>\n<p>\u00ab Ces monuments sont la repr\u00e9sentation physique de notre engagement ind\u00e9fectible \u00e0 lutter contre l\u2019antis\u00e9mitisme et contre le n\u00e9gationnisme, de notre engagement \u00e0 \u00e9duquer et \u00e0 \u00e9radiquer toutes les formes de discrimination\u00a0\u00bb, a r\u00e9agi la maire de Strasbourg <a href=\"https:\/\/www.ledauphine.com\/p\/jeanne-barseghian\" target=\"_blank\" rel=\"nofollow noopener\">Jeanne Barseghian<\/a>. \u00ab\u00a0Qu\u2019ils soient pris pour cible est particuli\u00e8rement grave, et ce d\u2019autant plus que ces actes sont corr\u00e9l\u00e9s \u00e0 la r\u00e9surgence continue des propos et des actes antis\u00e9mites \u00e0 travers tout le pays.\u00a0\u00bb<\/p>\n<p><strong>&gt;&gt; Lire l&rsquo;article des <a href=\"https:\/\/www.dna.fr\/faits-divers-justice\/2025\/05\/05\/strasbourg-deux-croix-gammees-pres-du-monument-des-justes\" target=\"_blank\" rel=\"nofollow noopener\">Derni\u00e8res Nouvelles d&rsquo;Alsace<\/a>.<\/strong><\/p>\n","protected":false},"excerpt":{"rendered":"Un croix gamm\u00e9es a \u00e9t\u00e9 grav\u00e9e sur un mur pr\u00e8s d&rsquo;un lieu de m\u00e9moire d\u00e9di\u00e9e aux Justes \u00e0&hellip;\n","protected":false},"author":2,"featured_media":77562,"comment_status":"","ping_status":"","sticky":false,"template":"","format":"standard","meta":{"footnotes":""},"categories":[2820],"tags":[1111,11,271,272,1777,674,274,107,1011,27,329,775,937,12,25,640],"class_list":{"0":"post-77561","1":"post","2":"type-post","3":"status-publish","4":"format-standard","5":"has-post-thumbnail","7":"category-strasbourg","8":"tag-actu","9":"tag-actualites","10":"tag-crime","11":"tag-delit-et-contravention","12":"tag-eu","13":"tag-europe","14":"tag-faits-divers-justice","15":"tag-fil-info","16":"tag-fr","17":"tag-france","18":"tag-france-monde","19":"tag-grand-est","20":"tag-histoire","21":"tag-news","22":"tag-republique-francaise","23":"tag-strasbourg"},"share_on_mastodon":{"url":"https:\/\/pubeurope.com\/@fr\/114457187708866418","error":""},"_links":{"self":[{"href":"https:\/\/www.europesays.com\/fr\/wp-json\/wp\/v2\/posts\/77561","targetHints":{"allow":["GET"]}}],"collection":[{"href":"https:\/\/www.europesays.com\/fr\/wp-json\/wp\/v2\/posts"}],"about":[{"href":"https:\/\/www.europesays.com\/fr\/wp-json\/wp\/v2\/types\/post"}],"author":[{"embeddable":true,"href":"https:\/\/www.europesays.com\/fr\/wp-json\/wp\/v2\/users\/2"}],"replies":[{"embeddable":true,"href":"https:\/\/www.europesays.com\/fr\/wp-json\/wp\/v2\/comments?post=77561"}],"version-history":[{"count":0,"href":"https:\/\/www.europesays.com\/fr\/wp-json\/wp\/v2\/posts\/77561\/revisions"}],"wp:featuredmedia":[{"embeddable":true,"href":"https:\/\/www.europesays.com\/fr\/wp-json\/wp\/v2\/media\/77562"}],"wp:attachment":[{"href":"https:\/\/www.europesays.com\/fr\/wp-json\/wp\/v2\/media?parent=77561"}],"wp:term":[{"taxonomy":"category","embeddable":true,"href":"https:\/\/www.europesays.com\/fr\/wp-json\/wp\/v2\/categories?post=77561"},{"taxonomy":"post_tag","embeddable":true,"href":"https:\/\/www.europesays.com\/fr\/wp-json\/wp\/v2\/tags?post=77561"}],"curies":[{"name":"wp","href":"https:\/\/api.w.org\/{rel}","templated":true}]}}