{"id":775639,"date":"2026-03-04T19:03:15","date_gmt":"2026-03-04T19:03:15","guid":{"rendered":"https:\/\/www.europesays.com\/fr\/775639\/"},"modified":"2026-03-04T19:03:15","modified_gmt":"2026-03-04T19:03:15","slug":"le-conjoint-dune-deputee-labour-parmi-trois-hommes-arretes-pour-espionnage-au-profit-de-pekin","status":"publish","type":"post","link":"https:\/\/www.europesays.com\/fr\/775639\/","title":{"rendered":"le conjoint d&rsquo;une d\u00e9put\u00e9e Labour parmi trois hommes arr\u00eat\u00e9s pour espionnage au profit de P\u00e9kin"},"content":{"rendered":"\n<p>La police londonienne a arr\u00eat\u00e9 mercredi trois hommes soup\u00e7onn\u00e9s d&rsquo;espionnage au profit de la Chine, dont le mari d&rsquo;une d\u00e9put\u00e9e travailliste, une nouvelle affaire potentiellement embarrassante pour le gouvernement de Keir Starmer, d\u00e9j\u00e0 accus\u00e9 de manque de fermet\u00e9 envers P\u00e9kin.<\/p>\n<p>Le conjoint de la d\u00e9put\u00e9e \u00e9cossaise Joani Reid, David Taylor, lobbyiste de profession, fait partie des trois personnes dont la police londonienne a annonc\u00e9 l&rsquo;arrestation lors d&rsquo;op\u00e9rations dans le cadre d&rsquo;une enqu\u00eate men\u00e9e par la section antiterroriste \u00e0 Londres et au Pays de Galles.<\/p>\n<p>Apr\u00e8s que les arrestations ont \u00e9t\u00e9 \u00e9voqu\u00e9es devant le Parlement par le ministre en charge de la S\u00e9curit\u00e9, Dan Jarvis, Mme Reid a diffus\u00e9 un communiqu\u00e9 prenant ses distances avec le travail de son mari.  <\/p>\n<p>\u00ab\u00a0Je ne suis pas impliqu\u00e9e dans les activit\u00e9s professionnelles de mon mari, et ni moi ni mes enfants ne sommes impliqu\u00e9s dans cette enqu\u00eate\u00a0\u00bb, a-t-elle soulign\u00e9. \u00ab\u00a0Je n&rsquo;ai jamais rien vu qui me fasse soup\u00e7onner que mon mari ait enfreint la loi\u00a0\u00bb. <\/p>\n<tr>\n<td>\n          <img decoding=\"async\" src=\"https:\/\/www.europesays.com\/fr\/wp-content\/uploads\/2026\/03\/0e1d0dd2261c863a0a2fe2388bda11c8709943b4.jpg\" title=\"Image tir\u00e9e d'une s\u00e9quence diffus\u00e9e par l'Unit\u00e9 d'enregistrement parlementaire britannique (PRU) via le site web Parliament TV, le 2 mars 2026, de la cheffe de l'opposition conservatrice, Kemi Badenoch lors d'une d\u00e9claration au Parlement - PRU\/AFP\" alt=\"PRU\/AFP\" onerror=\"this.style.display='none'\"\/>\n        <\/td>\n<td>\n<p class=\"copyright\">\u00a9 PRU\/AFP<\/p>\n<p class=\"caption\">Image tir\u00e9e d&rsquo;une s\u00e9quence diffus\u00e9e par l&rsquo;Unit\u00e9 d&rsquo;enregistrement parlementaire britannique (PRU) via le site web Parliament TV, le 2 mars 2026, de la cheffe de l&rsquo;opposition conservatrice, Kemi Badenoch lors d&rsquo;une d\u00e9claration au Parlement<\/p>\n<\/td>\n<\/tr>\n<p>\u00ab\u00a0Autant que je sache, je n&rsquo;ai jamais rencontr\u00e9 depuis que je suis d\u00e9put\u00e9e ni d&rsquo;hommes d&rsquo;affaires chinois, ni diplomates ou fonctionnaires chinois, ni jamais relay\u00e9 aucune pr\u00e9occupation aupr\u00e8s de ministres ou de qui que ce soit d&rsquo;autre au nom d&rsquo;int\u00e9r\u00eats chinois\u00a0\u00bb.<\/p>\n<p>La cheffe de l&rsquo;opposition conservatrice, Kemi Badenoch, a affirm\u00e9 qu&rsquo;un des deux autres hommes arr\u00eat\u00e9s \u00e9tait \u00ab\u00a0le conjoint d&rsquo;une ex-d\u00e9put\u00e9e travailliste\u00a0\u00bb, sans le nommer, dans une vid\u00e9o diffus\u00e9e sur X. En cas de confirmation, cela rendrait l&rsquo;affaire plus g\u00eanante encore pour Keir Starmer.<\/p>\n<p>  Protestation de P\u00e9kin<\/p>\n<p>La police londonienne a elle donn\u00e9 tr\u00e8s peu d&rsquo;informations sur la nature de l&rsquo;enqu\u00eate qui l&rsquo;a conduite \u00e0 arr\u00eater les trois hommes, pr\u00e9cisant simplement leur \u00e2ge et les lieux de leurs arrestation &#8211; un \u00e0 Londres et deux au Pays de Galles.   <\/p>\n<p>Des perquisitions ont \u00e9t\u00e9 men\u00e9es aux adresses des suspects ainsi qu&rsquo;\u00e0 trois autres adresses \u00e0 Londres, Cardiff et pr\u00e8s de Glasgow, avec l&rsquo;aide des unit\u00e9s antiterroristes du Pays de Galles et d&rsquo;Ecosse, a-t-elle ajout\u00e9.<\/p>\n<tr>\n<td>\n          <img decoding=\"async\" src=\"https:\/\/www.europesays.com\/fr\/wp-content\/uploads\/2026\/03\/4685fa21720c8e8eba66fdace1322953fed2143d.jpg\" title=\"Un drapeau chinois sur le toit de l'ambassade de Chine \u00e0 Londres, le 18 novembre 2025 - AFP\/Archives\" alt=\"AFP\/Archives\" onerror=\"this.style.display='none'\"\/>\n        <\/td>\n<td>\n<p class=\"copyright\">\u00a9 AFP\/Archives<\/p>\n<p class=\"caption\">Un drapeau chinois sur le toit de l&rsquo;ambassade de Chine \u00e0 Londres, le 18 novembre 2025<\/p>\n<\/td>\n<\/tr>\n<p>Ces arrestations \u00ab\u00a0s&rsquo;inscrivent dans le cadre d&rsquo;une enqu\u00eate proactive, et bien qu&rsquo;il s&rsquo;agisse de faits graves, nous ne pensons pas qu&rsquo;il y ait de menace directe ou imminente pour la population\u00a0\u00bb, a indiqu\u00e9 la cheffe de la police antiterroriste londonienne, Helen Flanagan.<\/p>\n<p>Interrog\u00e9 par l&rsquo;AFP, un porte-parole de l&rsquo;ambassade de Chine \u00e0 Londres a fustig\u00e9 \u00ab\u00a0ceux qui au Royaume-Uni fabriquent des soi-disant &lsquo;affaires d&rsquo;espionnage&rsquo; pour calomnier la Chine\u00a0\u00bb, et annonc\u00e9 avoir \u00ab\u00a0protest\u00e9 officiellement\u00a0\u00bb aupr\u00e8s des autorit\u00e9s britanniques.<\/p>\n<p>Le ministre e la S\u00e9curit\u00e9, Dan Jarvis, a lui d\u00e9clar\u00e9 devant le Parlement que les arrestations t\u00e9moignaient de la d\u00e9termination du gouvernement de Keir Starmer \u00e0 \u00ab\u00a0lutter contre les ing\u00e9rences\u00a0\u00bb d&rsquo;Etats \u00e9trangers, en particulier la Chine.<\/p>\n<p>Le gouvernement est \u00ab\u00a0coh\u00e9rent et sans ambigu\u00eft\u00e9 sur les menaces que pr\u00e9sente la Chine pour le Royaume-Uni, nous restons tr\u00e8s pr\u00e9occup\u00e9s par la hausse des activit\u00e9s clandestines men\u00e9es par des acteurs li\u00e9s \u00e0 l&rsquo;Etat chinois ciblant la d\u00e9mocratie britannique\u00a0\u00bb, a-t-il affirm\u00e9.<\/p>\n<p>Cette affaire intervient quelques mois apr\u00e8s l&rsquo;abandon controvers\u00e9 de poursuites contre deux Britanniques, dont l&rsquo;un travaillait au Parlement, soup\u00e7onn\u00e9s d&rsquo;espionnage au profit de P\u00e9kin. <\/p>\n<p>L&rsquo;opposition conservatrice, une partie de la majorit\u00e9 travailliste et jusqu&rsquo;\u00e0 l&rsquo;administration Trump avaient alors accus\u00e9 le gouvernement Starmer d&rsquo;avoir fait capoter l&rsquo;accusation pour m\u00e9nager ses relations avec P\u00e9kin. <\/p>\n<p>Bien que le gouvernement ait d\u00e9menti toute intervention, les critiques avaient \u00e9t\u00e9 raviv\u00e9es ensuite par le feu vert donn\u00e9 en janvier \u00e0 la construction d&rsquo;une super-ambassade chinoise \u00e0 Londres &#8211; alimentant les craintes d&rsquo;espionnage &#8211; et par le voyage dans la foul\u00e9e de Keir Starmer en Chine, une premi\u00e8re pour un dirigeant britannique depuis 2018. <\/p>\n<p>Co\u00efncidence de calendrier, cette nouvelle affaire survient le jour de l&rsquo;ouverture du proc\u00e8s \u00e0 Londres de deux autres hommes accus\u00e9s d&rsquo;avoir aid\u00e9 les renseignements chinois en menant des \u00ab\u00a0op\u00e9rations de police clandestines\u00a0\u00bb pour surveiller des Hongkongais install\u00e9s au Royaume-Uni.<\/p>\n<p>Bill Yuen, 65 ans, et Peter Wai, 38 ans, binationaux sino-britanniques, sont accus\u00e9s de s&rsquo;\u00eatre \u00ab\u00a0livr\u00e9s \u00e0 des op\u00e9rations de police dissimul\u00e9e pour le compte de la R\u00e9gion administrative sp\u00e9ciale de Hong Kong, et par cons\u00e9quent de la R\u00e9publique populaire de Chine\u00a0\u00bb, selon le procureur Duncan Atkinson.<\/p>\n","protected":false},"excerpt":{"rendered":"La police londonienne a arr\u00eat\u00e9 mercredi trois hommes soup\u00e7onn\u00e9s d&rsquo;espionnage au profit de la Chine, dont le mari&hellip;\n","protected":false},"author":2,"featured_media":775640,"comment_status":"","ping_status":"","sticky":false,"template":"","format":"standard","meta":{"footnotes":"","_share_on_mastodon":"0"},"categories":[1588],"tags":[11,1777,674,12,473,1853,1851,1850,1852],"class_list":["post-775639","post","type-post","status-publish","format-standard","has-post-thumbnail","category-royaume-uni","tag-actualites","tag-eu","tag-europe","tag-news","tag-royaume-uni","tag-royaume-uni-de-grande-bretagne-et-dirlande-du-nord","tag-uk","tag-united-kingdom","tag-united-kingdom-of-great-britain-and-northern-ireland"],"share_on_mastodon":{"url":"https:\/\/pubeurope.com\/@fr\/116172463022355090","error":""},"_links":{"self":[{"href":"https:\/\/www.europesays.com\/fr\/wp-json\/wp\/v2\/posts\/775639","targetHints":{"allow":["GET"]}}],"collection":[{"href":"https:\/\/www.europesays.com\/fr\/wp-json\/wp\/v2\/posts"}],"about":[{"href":"https:\/\/www.europesays.com\/fr\/wp-json\/wp\/v2\/types\/post"}],"author":[{"embeddable":true,"href":"https:\/\/www.europesays.com\/fr\/wp-json\/wp\/v2\/users\/2"}],"replies":[{"embeddable":true,"href":"https:\/\/www.europesays.com\/fr\/wp-json\/wp\/v2\/comments?post=775639"}],"version-history":[{"count":0,"href":"https:\/\/www.europesays.com\/fr\/wp-json\/wp\/v2\/posts\/775639\/revisions"}],"wp:featuredmedia":[{"embeddable":true,"href":"https:\/\/www.europesays.com\/fr\/wp-json\/wp\/v2\/media\/775640"}],"wp:attachment":[{"href":"https:\/\/www.europesays.com\/fr\/wp-json\/wp\/v2\/media?parent=775639"}],"wp:term":[{"taxonomy":"category","embeddable":true,"href":"https:\/\/www.europesays.com\/fr\/wp-json\/wp\/v2\/categories?post=775639"},{"taxonomy":"post_tag","embeddable":true,"href":"https:\/\/www.europesays.com\/fr\/wp-json\/wp\/v2\/tags?post=775639"}],"curies":[{"name":"wp","href":"https:\/\/api.w.org\/{rel}","templated":true}]}}