{"id":77564,"date":"2025-05-05T20:48:12","date_gmt":"2025-05-05T20:48:12","guid":{"rendered":"https:\/\/www.europesays.com\/fr\/77564\/"},"modified":"2025-05-05T20:48:12","modified_gmt":"2025-05-05T20:48:12","slug":"elle-a-fait-de-mauvaises-rencontres-les-parents-deva-16-ans-portee-disparue-depuis-le-1er-mai-lancent-un-appel-a-laide","status":"publish","type":"post","link":"https:\/\/www.europesays.com\/fr\/77564\/","title":{"rendered":"\u00ab\u00a0Elle a fait de mauvaises rencontres\u00a0\u00bb\u00a0: les parents d\u2019Eva, 16 ans, port\u00e9e disparue depuis le 1er\u00a0mai, lancent un appel \u00e0 l\u2019aide"},"content":{"rendered":"<p class=\"paragraph text_align_left\">Ils lancent un appel \u00e0 l\u2019aide. Les parents d\u2019Eva, une adolescente de 16 ans port\u00e9e disparue \u00e0 Nice (<a href=\"https:\/\/www.leparisien.fr\/alpes-maritimes-06\/\" target=\"_blank\" rel=\"nofollow noopener\">Alpes-Maritimes<\/a>), sont sans nouvelles de leur fille depuis le 1er mai dernier. Son p\u00e8re, qui n\u2019est autre qu\u2019Arnaud Riverain, un ancien acteur de la s\u00e9rie culte \u00ab Premiers baisers \u00bb, a lanc\u00e9 un appel \u00e0 t\u00e9moins sur les r\u00e9seaux sociaux.<\/p>\n<p class=\"paragraph text_align_left\">\u00ab Ma fille Eva, a disparu de Nice ce jeudi 1er mai et pourrait d\u00e9sormais \u00eatre \u00e0 Toulon. La police a lanc\u00e9 des recherches actives mais tout renseignement, m\u00eame minime, ne pourra que nous aider \u00e0 la retrouver \u00bb a-t-il \u00e9crit <a href=\"https:\/\/www.linkedin.com\/posts\/arnaud-riverain-7700695_nice-toulon-disparition-activity-7324753712826966016-BcmS\/?utm_source=social_share_send&amp;utm_medium=member_desktop_web&amp;rcm=ACoAABYbSm8Ba6omgzY6POgZZgwgj8tH2ri2HiY\" target=\"_blank\" rel=\"nofollow noopener\">dans un message post\u00e9 sur son compte LinkedIn<\/a>, accompagn\u00e9 de plusieurs clich\u00e9s de sa fille.<\/p>\n<p class=\"paragraph text_align_left\">Selon le p\u00e8re de l\u2019adolescente, elle a disparu le 1er mai, vers 11h15, place Garibaldi \u00e0 Nice. Le message d\u2019Arnaud Riverain, qui s\u2019est aujourd\u2019hui reconverti dans l\u2019analyse financi\u00e8re<b> <\/b>selon son profil LinkedIn, a \u00e9t\u00e9 relay\u00e9 par de nombreuses personnalit\u00e9s.<\/p>\n<p>Une plainte pour \u00ab d\u00e9tournement de mineur \u00bb<\/p>\n<p class=\"paragraph text_align_left\">Sa m\u00e8re, qui a pr\u00e9f\u00e9r\u00e9 garder l\u2019anonymat, a elle aussi a fait part de sa vive inqui\u00e9tude <a href=\"https:\/\/france3-regions.francetvinfo.fr\/provence-alpes-cote-d-azur\/alpes-maritimes\/nice\/temoignage-ma-fille-pourrait-etre-victime-d-un-reseau-de-proxenetisme-l-adolescente-a-disparu-sa-mere-confie-son-desespoir-3148013.html\" target=\"_blank\" rel=\"nofollow noopener\">aupr\u00e8s de nos confr\u00e8res de France 3 Provence-Alpes-C\u00f4te d\u2019Azur<\/a>. Selon la m\u00e8re de famille, qui est persuad\u00e9e que sa fille est victime d\u2019un r\u00e9seau de prostitution, Eva \u00ab a fait de mauvaises rencontres \u00bb qui l\u2019auraient conduite \u00e0 dispara\u00eetre.<\/p>\n<p class=\"paragraph text_align_left\">\u00ab Ces personnes l\u2019ont coup\u00e9 peu \u00e0 peu de sa famille et de ses amis. Elle est compl\u00e8tement sous leur emprise \u00bb, a-t-elle expliqu\u00e9 \u00e0 nos confr\u00e8res, pr\u00e9cisant qu\u2019Eva, d\u00e9scolaris\u00e9e depuis septembre 2024, a d\u00e9j\u00e0 fugu\u00e9 plusieurs fois. Ses parents affirment avoir d\u00e9pos\u00e9 une plainte il y a quelques jours, requalifi\u00e9e en \u00ab d\u00e9tournement de mineur \u00bb.<\/p>\n<p class=\"lp-card-podcast-highlighting__title lp-f-subtitle-05\">Les disparus de Mirepoix<\/p>\n<p class=\"lp-card-podcast-highlighting__description lp-f-ui-05\">Crime story raconte chaque semaine les grandes affaires criminelles.<\/p>\n<p><a class=\"lp-card-podcast-highlighting__call-to-action\" data-page-type=\"HP\" data-block-name=\"podcast-highlight\">\u00c9couter<\/a><\/p>\n<p class=\"paragraph text_align_left\">Eva, qui mesure 1,80 m, est une jeune fille \u00e0 la \u00ab corpulence normale \u00bb, aux cheveux \u00ab ch\u00e2tain fonc\u00e9 \u00bb avec \u00ab des reflets auburn \u00bb et des \u00ab yeux bleus \u00bb, pr\u00e9cise Arnaud Riverain dans son post. En cas d\u2019information, vous pouvez contacter le 17.<\/p>\n","protected":false},"excerpt":{"rendered":"Ils lancent un appel \u00e0 l\u2019aide. Les parents d\u2019Eva, une adolescente de 16 ans port\u00e9e disparue \u00e0 Nice&hellip;\n","protected":false},"author":2,"featured_media":77565,"comment_status":"","ping_status":"","sticky":false,"template":"","format":"standard","meta":{"footnotes":""},"categories":[2819],"tags":[1111,11,459,1777,674,118,1011,27,12,2401,882,25],"class_list":{"0":"post-77564","1":"post","2":"type-post","3":"status-publish","4":"format-standard","5":"has-post-thumbnail","7":"category-nice","8":"tag-actu","9":"tag-actualites","10":"tag-departements-horsidfo","11":"tag-eu","12":"tag-europe","13":"tag-faits-divers","14":"tag-fr","15":"tag-france","16":"tag-news","17":"tag-nice","18":"tag-provence-alpes-cote-dazur","19":"tag-republique-francaise"},"share_on_mastodon":{"url":"https:\/\/pubeurope.com\/@fr\/114457195668005280","error":""},"_links":{"self":[{"href":"https:\/\/www.europesays.com\/fr\/wp-json\/wp\/v2\/posts\/77564","targetHints":{"allow":["GET"]}}],"collection":[{"href":"https:\/\/www.europesays.com\/fr\/wp-json\/wp\/v2\/posts"}],"about":[{"href":"https:\/\/www.europesays.com\/fr\/wp-json\/wp\/v2\/types\/post"}],"author":[{"embeddable":true,"href":"https:\/\/www.europesays.com\/fr\/wp-json\/wp\/v2\/users\/2"}],"replies":[{"embeddable":true,"href":"https:\/\/www.europesays.com\/fr\/wp-json\/wp\/v2\/comments?post=77564"}],"version-history":[{"count":0,"href":"https:\/\/www.europesays.com\/fr\/wp-json\/wp\/v2\/posts\/77564\/revisions"}],"wp:featuredmedia":[{"embeddable":true,"href":"https:\/\/www.europesays.com\/fr\/wp-json\/wp\/v2\/media\/77565"}],"wp:attachment":[{"href":"https:\/\/www.europesays.com\/fr\/wp-json\/wp\/v2\/media?parent=77564"}],"wp:term":[{"taxonomy":"category","embeddable":true,"href":"https:\/\/www.europesays.com\/fr\/wp-json\/wp\/v2\/categories?post=77564"},{"taxonomy":"post_tag","embeddable":true,"href":"https:\/\/www.europesays.com\/fr\/wp-json\/wp\/v2\/tags?post=77564"}],"curies":[{"name":"wp","href":"https:\/\/api.w.org\/{rel}","templated":true}]}}