{"id":775641,"date":"2026-03-04T19:04:14","date_gmt":"2026-03-04T19:04:14","guid":{"rendered":"https:\/\/www.europesays.com\/fr\/775641\/"},"modified":"2026-03-04T19:04:14","modified_gmt":"2026-03-04T19:04:14","slug":"trump-promet-de-ne-pas-retirer-ses-troupes-dallemagne","status":"publish","type":"post","link":"https:\/\/www.europesays.com\/fr\/775641\/","title":{"rendered":"Trump promet de ne pas retirer ses troupes d&rsquo;Allemagne"},"content":{"rendered":"<p class=\"p2\">JAKARTA &#8211; Le chancelier allemand Friedrich Merz a dit que le pr\u00e9sident am\u00e9ricain Donald Trump avait promis de maintenir la pr\u00e9sence militaire am\u00e9ricaine en Allemagne.<\/p>\n<p class=\"p2\">\u00ab Le pre\u0301sident Trump m\u2019a de\u0301le\u0301re\u0301 a\u0300 nouveau que les E\u0301tats-Unis maintiendraient leur presence\u0301 militaire en Allemagne \u00bb, a de\u0301clare\u0301 Merz apre\u0300s avoir rencontre\u0301 Trump a\u0300 la Maison-Blanche, rapporte\u0301 par ANTARA de Sputnik, mercredi 4 mars.<\/p>\n<p class=\"p2\">En qualifiant cela de bonne nouvelle, Merz a soulign\u00e9 qu&rsquo;il ne s&rsquo;attendait pas \u00e0 entendre autre chose que des assurances de la part de Trump.<\/p>\n<p class=\"p2\">L&rsquo;an dernier, les m\u00e9dias ont rapport\u00e9 que Trump envisageait de transf\u00e9rer environ 35 000 soldats am\u00e9ricains de l&rsquo;Allemagne vers l&rsquo;Est de l&rsquo;Europe en raison de la frustration des alli\u00e9s am\u00e9ricains en Europe en ce qui concerne le conflit en Ukraine.<\/p>\n<p>The English, Chinese, Japanese, Arabic, and French versions are automatically generated by the AI. So there may still be inaccuracies in translating, please always see Indonesian as our main language.<br \/>\n                                    (system supported by DigitalSiber.id)<\/p>\n","protected":false},"excerpt":{"rendered":"JAKARTA &#8211; Le chancelier allemand Friedrich Merz a dit que le pr\u00e9sident am\u00e9ricain Donald Trump avait promis de&hellip;\n","protected":false},"author":2,"featured_media":775642,"comment_status":"","ping_status":"","sticky":false,"template":"","format":"standard","meta":{"footnotes":"","_share_on_mastodon":"0"},"categories":[1587],"tags":[11,672,1804,1805,1803,1777,674,1801,85813,12,1802],"class_list":["post-775641","post","type-post","status-publish","format-standard","has-post-thumbnail","category-allemagne","tag-actualites","tag-allemagne","tag-bundesrepublik-deutschland","tag-de","tag-deutschland","tag-eu","tag-europe","tag-germany","tag-le-chancelier-allemand-friedrich-merz-a-dit-que-le-president-americain-donald-trump-avait-promis-de-maintenir-la-presence-militaire-americaine-en-allemagne","tag-news","tag-republique-federale-dallemagne"],"share_on_mastodon":{"url":"https:\/\/pubeurope.com\/@fr\/116172466830338168","error":""},"_links":{"self":[{"href":"https:\/\/www.europesays.com\/fr\/wp-json\/wp\/v2\/posts\/775641","targetHints":{"allow":["GET"]}}],"collection":[{"href":"https:\/\/www.europesays.com\/fr\/wp-json\/wp\/v2\/posts"}],"about":[{"href":"https:\/\/www.europesays.com\/fr\/wp-json\/wp\/v2\/types\/post"}],"author":[{"embeddable":true,"href":"https:\/\/www.europesays.com\/fr\/wp-json\/wp\/v2\/users\/2"}],"replies":[{"embeddable":true,"href":"https:\/\/www.europesays.com\/fr\/wp-json\/wp\/v2\/comments?post=775641"}],"version-history":[{"count":0,"href":"https:\/\/www.europesays.com\/fr\/wp-json\/wp\/v2\/posts\/775641\/revisions"}],"wp:featuredmedia":[{"embeddable":true,"href":"https:\/\/www.europesays.com\/fr\/wp-json\/wp\/v2\/media\/775642"}],"wp:attachment":[{"href":"https:\/\/www.europesays.com\/fr\/wp-json\/wp\/v2\/media?parent=775641"}],"wp:term":[{"taxonomy":"category","embeddable":true,"href":"https:\/\/www.europesays.com\/fr\/wp-json\/wp\/v2\/categories?post=775641"},{"taxonomy":"post_tag","embeddable":true,"href":"https:\/\/www.europesays.com\/fr\/wp-json\/wp\/v2\/tags?post=775641"}],"curies":[{"name":"wp","href":"https:\/\/api.w.org\/{rel}","templated":true}]}}