{"id":775653,"date":"2026-03-04T19:10:17","date_gmt":"2026-03-04T19:10:17","guid":{"rendered":"https:\/\/www.europesays.com\/fr\/775653\/"},"modified":"2026-03-04T19:10:17","modified_gmt":"2026-03-04T19:10:17","slug":"une-golf-finit-sa-course-dans-un-champ-a-villers-deux-eglises","status":"publish","type":"post","link":"https:\/\/www.europesays.com\/fr\/775653\/","title":{"rendered":"Une Golf finit sa course dans un champ \u00e0 Villers-Deux-Eglises"},"content":{"rendered":"<p>Il \u00e9tait 10h30 ce dimanche lorsque le conducteur d\u2019une VW Golf a perdu le contr\u00f4le de son v\u00e9hicule pour une raison ind\u00e9termin\u00e9e.<\/p>\n<p>La voiture a termin\u00e9 sa course en contrebas dans un champ, rue du Traigneaux \u00e0 Villers-Deux-Eglises (Cerfontaine). Les pompiers de la zone Dinaphi sont intervenus rapidement. Seul en cause, l\u2019automobiliste est bless\u00e9 et a \u00e9t\u00e9 transport\u00e9 \u00e0 l\u2019h\u00f4pital Marie Curie.<\/p>\n<p>\n  &#13;<br \/>\n  Lire aussi&#13;<br \/>\n  <a class=\"r-stories--link\" href=\"https:\/\/www.sudinfo.be\/id1114796\/article\/2026-02-27\/le-permis-denvironnement-est-refuse-pour-les-12h-de-la-chinelle-le-bourgmestre\" rel=\"nofollow noopener\" target=\"_blank\">&#13;<\/p>\n<p>  <img decoding=\"async\" data-copyright=\"G.F.\" class=\"r-img lazy\" data-  src=\"https:\/\/www.europesays.com\/fr\/wp-content\/uploads\/2026\/03\/65016414.jpeg\" typeof=\"foaf:Image\" alt=\"Le bourgmestre d\u00e9taille la d\u00e9cision.\"\/><br \/>\n        Le permis d\u2019environnement est refus\u00e9 pour les 12h de la Chinelle, le bourgmestre de Philippeville explique les raisons de cette d\u00e9cision: \u00abDes pilotes n\u2019en dorment plus\u00bb&#13;<br \/>\n  <\/a>&#13;<br \/>\n&#13;<\/p>\n","protected":false},"excerpt":{"rendered":"Il \u00e9tait 10h30 ce dimanche lorsque le conducteur d\u2019une VW Golf a perdu le contr\u00f4le de son v\u00e9hicule&hellip;\n","protected":false},"author":2,"featured_media":775654,"comment_status":"","ping_status":"","sticky":false,"template":"","format":"standard","meta":{"footnotes":"","_share_on_mastodon":"0"},"categories":[1418],"tags":[9902,6466,8928,1011,27,1472,60,85814],"class_list":["post-775653","post","type-post","status-publish","format-standard","has-post-thumbnail","category-golf","tag-champ","tag-course","tag-finit","tag-fr","tag-france","tag-golf","tag-sports","tag-villers-deux-eglises"],"share_on_mastodon":{"url":"https:\/\/pubeurope.com\/@fr\/116172490459643667","error":""},"_links":{"self":[{"href":"https:\/\/www.europesays.com\/fr\/wp-json\/wp\/v2\/posts\/775653","targetHints":{"allow":["GET"]}}],"collection":[{"href":"https:\/\/www.europesays.com\/fr\/wp-json\/wp\/v2\/posts"}],"about":[{"href":"https:\/\/www.europesays.com\/fr\/wp-json\/wp\/v2\/types\/post"}],"author":[{"embeddable":true,"href":"https:\/\/www.europesays.com\/fr\/wp-json\/wp\/v2\/users\/2"}],"replies":[{"embeddable":true,"href":"https:\/\/www.europesays.com\/fr\/wp-json\/wp\/v2\/comments?post=775653"}],"version-history":[{"count":0,"href":"https:\/\/www.europesays.com\/fr\/wp-json\/wp\/v2\/posts\/775653\/revisions"}],"wp:featuredmedia":[{"embeddable":true,"href":"https:\/\/www.europesays.com\/fr\/wp-json\/wp\/v2\/media\/775654"}],"wp:attachment":[{"href":"https:\/\/www.europesays.com\/fr\/wp-json\/wp\/v2\/media?parent=775653"}],"wp:term":[{"taxonomy":"category","embeddable":true,"href":"https:\/\/www.europesays.com\/fr\/wp-json\/wp\/v2\/categories?post=775653"},{"taxonomy":"post_tag","embeddable":true,"href":"https:\/\/www.europesays.com\/fr\/wp-json\/wp\/v2\/tags?post=775653"}],"curies":[{"name":"wp","href":"https:\/\/api.w.org\/{rel}","templated":true}]}}