{"id":775658,"date":"2026-03-04T19:17:13","date_gmt":"2026-03-04T19:17:13","guid":{"rendered":"https:\/\/www.europesays.com\/fr\/775658\/"},"modified":"2026-03-04T19:17:13","modified_gmt":"2026-03-04T19:17:13","slug":"strade-bianche-paul-seixas-connait-ses-coequipiers-actualite","status":"publish","type":"post","link":"https:\/\/www.europesays.com\/fr\/775658\/","title":{"rendered":"Strade Bianche : Paul Seixas conna\u00eet ses co\u00e9quipiers &#8211; Actualit\u00e9"},"content":{"rendered":"<p><strong><a style=\"color: #e67e23; text-decoration: underline;\" href=\"https:\/\/www.directvelo.com\/actualite\/127175\/paul-seixas-cette-victoire-valait-toutes-les-souffrances\" target=\"_blank\" rel=\"noopener nofollow\">Apr\u00e8s son num\u00e9ro en solitaire de plus de 40 kilom\u00e8tres sur les routes de la Faun-Ard\u00e8che Classic,<\/a><\/strong> Paul Seixas sera tr\u00e8s attendu ce samedi, sur les chemins blancs de Sienne et de ses environs, lors des Strade Bianche. <br \/>Sa formation Decathlon CMA CGM vient de d\u00e9voiler, ce mercredi en fin de matin\u00e9e, la liste des coureurs qui accompagneront le Lyonnais lors de la Classique italienne, un groupe compos\u00e9 en grande majorit\u00e9 de Fran\u00e7ais.\u00a0<\/p>\n<p><strong>La s\u00e9lection de Decathlon CMA CGM pour les Strade Bianche :<\/strong>\u00a0<br \/><a class=\"rider-link mention\" href=\"https:\/\/www.directvelo.com\/coureur\/36804\/pierre-gautherat\" rel=\"external nofollow noopener\" data-rider=\"36804\" target=\"_blank\">Pierre GAUTHERAT<\/a>\u00a0<br \/><a class=\"rider-link mention\" href=\"https:\/\/www.directvelo.com\/coureur\/36854\/noa-isidore\" rel=\"external nofollow noopener\" data-rider=\"36854\" target=\"_blank\">Noa ISIDORE<\/a>\u00a0<br \/><a class=\"rider-link mention\" href=\"https:\/\/www.directvelo.com\/coureur\/46145\/antoine-l-hote\" rel=\"external nofollow noopener\" data-rider=\"46145\" target=\"_blank\">Antoine L&rsquo;HOTE<\/a>\u00a0<br \/><a class=\"rider-link mention\" href=\"https:\/\/www.directvelo.com\/coureur\/30801\/jordan-labrosse\" rel=\"external nofollow noopener\" data-rider=\"30801\" target=\"_blank\">Jordan LABROSSE<\/a>\u00a0<br \/><a class=\"rider-link mention\" href=\"https:\/\/www.directvelo.com\/coureur\/21355\/paul-lapeira\" rel=\"external nofollow noopener\" data-rider=\"21355\" target=\"_blank\">Paul LAPEIRA<\/a>\u00a0<br \/><a class=\"rider-link mention\" href=\"https:\/\/www.directvelo.com\/coureur\/10311\/gregor-muhlberger\" rel=\"external nofollow noopener\" data-rider=\"10311\" target=\"_blank\">Gregor M\u00dcHLBERGER<\/a>\u00a0<br \/><a class=\"rider-link mention\" href=\"https:\/\/www.directvelo.com\/coureur\/43312\/paul-seixas\" rel=\"external nofollow noopener\" data-rider=\"43312\" target=\"_blank\">Paul SEIXAS<\/a>\u00a0<\/p>\n","protected":false},"excerpt":{"rendered":"Apr\u00e8s son num\u00e9ro en solitaire de plus de 40 kilom\u00e8tres sur les routes de la Faun-Ard\u00e8che Classic, Paul&hellip;\n","protected":false},"author":2,"featured_media":775659,"comment_status":"","ping_status":"","sticky":false,"template":"","format":"standard","meta":{"footnotes":"","_share_on_mastodon":"0"},"categories":[1411],"tags":[834,828,836,829,837,827,83,826,824,823,1154,207,814,817,815,816,822,821,832,211,839,1011,27,820,818,819,835,831,830,833,838,60,212,208,825],"class_list":["post-775658","post","type-post","status-publish","format-standard","has-post-thumbnail","category-cyclisme","tag-attaque","tag-belgique","tag-braquet","tag-bretagne","tag-chute","tag-competition","tag-coupe-de-france","tag-coureur","tag-course-cyclisme","tag-course-cycliste","tag-cycling","tag-cyclisme","tag-direct","tag-direct-velo","tag-directvelo","tag-directvelo-com","tag-epreuve","tag-epreuve-cycliste","tag-federation-francaise-de-cyclisme","tag-ffc","tag-flandres","tag-fr","tag-france","tag-live","tag-live-course","tag-live-epreuve","tag-peloton","tag-radio-peloton","tag-radio-tour","tag-ravitaillement","tag-relance","tag-sports","tag-uci","tag-velo","tag-velos"],"share_on_mastodon":{"url":"https:\/\/pubeurope.com\/@fr\/116172518125725013","error":""},"_links":{"self":[{"href":"https:\/\/www.europesays.com\/fr\/wp-json\/wp\/v2\/posts\/775658","targetHints":{"allow":["GET"]}}],"collection":[{"href":"https:\/\/www.europesays.com\/fr\/wp-json\/wp\/v2\/posts"}],"about":[{"href":"https:\/\/www.europesays.com\/fr\/wp-json\/wp\/v2\/types\/post"}],"author":[{"embeddable":true,"href":"https:\/\/www.europesays.com\/fr\/wp-json\/wp\/v2\/users\/2"}],"replies":[{"embeddable":true,"href":"https:\/\/www.europesays.com\/fr\/wp-json\/wp\/v2\/comments?post=775658"}],"version-history":[{"count":0,"href":"https:\/\/www.europesays.com\/fr\/wp-json\/wp\/v2\/posts\/775658\/revisions"}],"wp:featuredmedia":[{"embeddable":true,"href":"https:\/\/www.europesays.com\/fr\/wp-json\/wp\/v2\/media\/775659"}],"wp:attachment":[{"href":"https:\/\/www.europesays.com\/fr\/wp-json\/wp\/v2\/media?parent=775658"}],"wp:term":[{"taxonomy":"category","embeddable":true,"href":"https:\/\/www.europesays.com\/fr\/wp-json\/wp\/v2\/categories?post=775658"},{"taxonomy":"post_tag","embeddable":true,"href":"https:\/\/www.europesays.com\/fr\/wp-json\/wp\/v2\/tags?post=775658"}],"curies":[{"name":"wp","href":"https:\/\/api.w.org\/{rel}","templated":true}]}}