{"id":77598,"date":"2025-05-05T21:06:08","date_gmt":"2025-05-05T21:06:08","guid":{"rendered":"https:\/\/www.europesays.com\/fr\/77598\/"},"modified":"2025-05-05T21:06:08","modified_gmt":"2025-05-05T21:06:08","slug":"deux-manifestations-en-passe-detre-interdites-samedi","status":"publish","type":"post","link":"https:\/\/www.europesays.com\/fr\/77598\/","title":{"rendered":"deux manifestations en passe d&rsquo;\u00eatre interdites samedi"},"content":{"rendered":"<p>                             Par Le Figaro avec AFP<\/p>\n<p>                Il y a 1 heure<\/p>\n<p>\u00a0\u00bb<br \/>\n        data-script=\u00a0\u00bbhttps:\/\/static.lefigaro.fr\/widget-video\/short-ttl\/video\/index.js\u00a0\u00bb<br \/>\n    &gt;<\/p>\n<p class=\"fig-paragraph\">Le pr\u00e9fet de police de Paris\u00a0<a href=\"http:\/\/www.lefigaro.fr\/flash-actu\/la-delinquance-a-paris-reste-structurellement-elevee-malgre-des-chiffres-a-la-baisse-concede-laurent-nunez-20250207\" data-fig-type=\"NewsFlash\" data-gtm-custom-categorie=\"navigation\" data-gtm-custom-action=\"crossclick\" data-gtm-custom-label=\"Contextuel\" data-gtm-event=\"customEventSPE\" data-fig-domain=\"LEFIGARO\" target=\"_blank\" rel=\"noopener\">Laurent Nu\u00f1ez<\/a>\u00a0s&rsquo;appr\u00eate \u00e0 interdire deux manifestations pr\u00e9vues \u00e0 Paris samedi, l&rsquo;une \u00e0 l&rsquo;appel du \u00abcomit\u00e9 du 9 mai\u00bb, un groupe class\u00e9 \u00e0 l&rsquo;ultra droite et l&rsquo;autre, baptis\u00e9e \u00abmanifestation antifasciste et\u00a0<a href=\"http:\/\/www.lefigaro.fr\/politique\/guillaume-tabard-antiracisme-l-incroyable-aplomb-des-insoumis-20250324\" data-fig-type=\"Article\" data-gtm-custom-categorie=\"navigation\" data-gtm-custom-action=\"crossclick\" data-gtm-custom-label=\"Contextuel\" data-gtm-event=\"customEventSPE\" data-fig-domain=\"LEFIGARO\" target=\"_blank\" rel=\"noopener\">antiracisme<\/a> \u00bb organis\u00e9e en r\u00e9action \u00e0 la premi\u00e8re.<\/p>\n<p class=\"fig-paragraph\">\u00abLes services de la pr\u00e9fecture de Police ont re\u00e7u deux d\u00e9clarations de manifestation pour le samedi 10 mai 2025, une pour le \u201cComit\u00e9 du 9 mai\u201d, la seconde pour une \u201cManifestation antifasciste et antiraciste\u201d, en r\u00e9action \u00e0 la premi\u00e8re\u00bb, a-t-on fait valoir lundi \u00e0 la pr\u00e9fecture de police de Paris.<\/p>\n<p>\u00abProc\u00e9dure contradictoire\u00bb<\/p>\n<p class=\"fig-paragraph\">Laurent Nu\u00f1ez a d\u00e9cid\u00e9 \u00abd&rsquo;engager une proc\u00e9dure contradictoire\u00bb pour les interdire, \u00e0 raison des \u00abtroubles \u00e0 l&rsquo;ordre public que pourrait engendrer l&rsquo;organisation de ces deux manifestations le m\u00eame jour et ayant une partie d&rsquo;itin\u00e9raire commune, avec des craintes d&rsquo;affrontements entre des militants aux opinions antagonistes\u00bb, poursuit-on.<\/p>\n<p class=\"fig-paragraph\">Le \u00abcomit\u00e9 du 9 mai\u00bb manifeste tous les ans pour l&rsquo;anniversaire de la mort d&rsquo;un militant d&rsquo;extr\u00eame droite, S\u00e9bastien Deyzieu, d\u00e9c\u00e9d\u00e9 accidentellement en 1994. Le jeune homme s&rsquo;\u00e9tait r\u00e9fugi\u00e9 sur le toit d&rsquo;un immeuble de Paris pour \u00e9chapper \u00e0 la police avant de faire une chute mortelle.<\/p>\n","protected":false},"excerpt":{"rendered":"Par Le Figaro avec AFP Il y a 1 heure \u00a0\u00bb data-script=\u00a0\u00bbhttps:\/\/static.lefigaro.fr\/widget-video\/short-ttl\/video\/index.js\u00a0\u00bb &gt; Le pr\u00e9fet de police de&hellip;\n","protected":false},"author":2,"featured_media":77599,"comment_status":"","ping_status":"","sticky":false,"template":"","format":"standard","meta":{"footnotes":""},"categories":[1888],"tags":[1111,47,11,1109,1112,1777,674,118,1108,107,1106,1107,1011,27,1110,1114,14,2088,12,1113,626,316,25],"class_list":{"0":"post-77598","1":"post","2":"type-post","3":"status-publish","4":"format-standard","5":"has-post-thumbnail","7":"category-paris","8":"tag-actu","9":"tag-actualite","10":"tag-actualites","11":"tag-breves","12":"tag-depeches","13":"tag-eu","14":"tag-europe","15":"tag-faits-divers","16":"tag-fil","17":"tag-fil-info","18":"tag-flash","19":"tag-flash-actu","20":"tag-fr","21":"tag-france","22":"tag-informations","23":"tag-infos","24":"tag-international","25":"tag-manifestation","26":"tag-news","27":"tag-nouvelles","28":"tag-paris","29":"tag-politique","30":"tag-republique-francaise"},"share_on_mastodon":{"url":"https:\/\/pubeurope.com\/@fr\/114457266445179261","error":""},"_links":{"self":[{"href":"https:\/\/www.europesays.com\/fr\/wp-json\/wp\/v2\/posts\/77598","targetHints":{"allow":["GET"]}}],"collection":[{"href":"https:\/\/www.europesays.com\/fr\/wp-json\/wp\/v2\/posts"}],"about":[{"href":"https:\/\/www.europesays.com\/fr\/wp-json\/wp\/v2\/types\/post"}],"author":[{"embeddable":true,"href":"https:\/\/www.europesays.com\/fr\/wp-json\/wp\/v2\/users\/2"}],"replies":[{"embeddable":true,"href":"https:\/\/www.europesays.com\/fr\/wp-json\/wp\/v2\/comments?post=77598"}],"version-history":[{"count":0,"href":"https:\/\/www.europesays.com\/fr\/wp-json\/wp\/v2\/posts\/77598\/revisions"}],"wp:featuredmedia":[{"embeddable":true,"href":"https:\/\/www.europesays.com\/fr\/wp-json\/wp\/v2\/media\/77599"}],"wp:attachment":[{"href":"https:\/\/www.europesays.com\/fr\/wp-json\/wp\/v2\/media?parent=77598"}],"wp:term":[{"taxonomy":"category","embeddable":true,"href":"https:\/\/www.europesays.com\/fr\/wp-json\/wp\/v2\/categories?post=77598"},{"taxonomy":"post_tag","embeddable":true,"href":"https:\/\/www.europesays.com\/fr\/wp-json\/wp\/v2\/tags?post=77598"}],"curies":[{"name":"wp","href":"https:\/\/api.w.org\/{rel}","templated":true}]}}