{"id":7762,"date":"2025-04-07T11:55:12","date_gmt":"2025-04-07T11:55:12","guid":{"rendered":"https:\/\/www.europesays.com\/fr\/7762\/"},"modified":"2025-04-07T11:55:12","modified_gmt":"2025-04-07T11:55:12","slug":"reze-des-livres-pour-aider-les-enfants-du-monde","status":"publish","type":"post","link":"https:\/\/www.europesays.com\/fr\/7762\/","title":{"rendered":"Rez\u00e9. Des livres pour aider les enfants du monde"},"content":{"rendered":"<p>La Barak\u00e0Livres revient, et pour la deuxi\u00e8me ann\u00e9e cons\u00e9cutive, elle se d\u00e9roulera salle de l\u2019AEPR, 19\u00a0bis, rue Pierre-Brossolette, le samedi\u00a012, de 15\u00a0h \u00e0 19\u00a0h et dimanche 13\u00a0avril de 10\u00a0h \u00e0 18\u00a0h. Et comme on ne change pas une \u00e9quipe gagnante, elle est toujours organis\u00e9e par des partenaires depuis le d\u00e9but, les Amis des Enfants du Monde, antenne locale, AEM44 et Juley, Enfants du Ladakh qui assurent cette ann\u00e9e encore une grande 13e \u00e9dition.<\/p>\n<p>500\u00a0m\u00b2 d\u2019exposition s\u2019ouvrent sur des milliers de pages\u00a0: BD, romans, mangas<\/p>\n<p>\u00a0La g\u00e9n\u00e9rosit\u00e9 des Rez\u00e9ens, comme chaque ann\u00e9e, nous a permis de collecter encore d\u2019\u00e9normes stocks et vari\u00e9t\u00e9s de livres. Cette g\u00e9n\u00e9rosit\u00e9 permet d\u2019offrir tout ce que chacun a voulu lire un jour, romans ou documentaires, dans tous les domaines, litt\u00e9rature jeunesse, romans policiers, livres anciens, BD, mangas, revues,\u00a0etc\u00a0 remercient les organisateurs b\u00e9n\u00e9voles de la Barak\u00e0Livres.<\/p>\n<p>500\u00a0m\u00b2 d\u2019exposition s\u2019ouvrent sur des milliers de pages. Sur place, les associations de solidarit\u00e9 internationale apporteront toutes les informations n\u00e9cessaires.<\/p>\n<p>\u00a0On accueille avec plaisir ceux qui souhaitent nous rejoindre car on est toujours en manque de b\u00e9n\u00e9voles et parrains. On pr\u00e9sente aussi \u00e0 quoi servent et o\u00f9 vont les fonds r\u00e9colt\u00e9s\u00a0\u00bb,pr\u00e9cise la trentaine de b\u00e9n\u00e9voles investis sur l\u2019\u00e9v\u00e9nement.<\/p>\n<p>Un stand de vente de petit artisanat sera \u00e9galement install\u00e9. Rez\u00e9, IDEA transport, Papiers de l\u2019Espoir, 1\u00a0Box en plus sont associ\u00e9s \u00e0 ce rendez-vous incontournable du printemps depuis plusieurs ann\u00e9es.<\/p>\n<p>\u00a0Derri\u00e8re chaque livre, s\u2019\u00e9claire un sourire d\u2019enfant b\u00e9n\u00e9ficiaire de nos programmes d\u2019aide dans 13\u00a0pays soutenus par les AEM et au Ladakh par Juley, Enfants du Ladakh. Alors on esp\u00e8re voir beaucoup de monde\u00a0!\u00a0 invitent les b\u00e9n\u00e9voles. Petite restauration sur place.<\/p>\n<p>Contact\u00a0: juley.ladakh.free.fr et amisdesenfantsdumonde.org.<\/p>\n<p>\u00a0<\/p>\n","protected":false},"excerpt":{"rendered":"La Barak\u00e0Livres revient, et pour la deuxi\u00e8me ann\u00e9e cons\u00e9cutive, elle se d\u00e9roulera salle de l\u2019AEPR, 19\u00a0bis, rue Pierre-Brossolette,&hellip;\n","protected":false},"author":2,"featured_media":7763,"comment_status":"","ping_status":"","sticky":false,"template":"","format":"standard","meta":{"footnotes":""},"categories":[1357],"tags":[4180,1379,58,1719,59,1011,27,1380,74,766,3740],"class_list":{"0":"post-7762","1":"post","2":"type-post","3":"status-publish","4":"format-standard","5":"has-post-thumbnail","7":"category-livres","8":"tag-aider","9":"tag-books","10":"tag-divertissement","11":"tag-enfants","12":"tag-entertainment","13":"tag-fr","14":"tag-france","15":"tag-livres","16":"tag-monde","17":"tag-nantes","18":"tag-reze"},"share_on_mastodon":{"url":"https:\/\/pubeurope.com\/@fr\/114296555032433219","error":""},"_links":{"self":[{"href":"https:\/\/www.europesays.com\/fr\/wp-json\/wp\/v2\/posts\/7762","targetHints":{"allow":["GET"]}}],"collection":[{"href":"https:\/\/www.europesays.com\/fr\/wp-json\/wp\/v2\/posts"}],"about":[{"href":"https:\/\/www.europesays.com\/fr\/wp-json\/wp\/v2\/types\/post"}],"author":[{"embeddable":true,"href":"https:\/\/www.europesays.com\/fr\/wp-json\/wp\/v2\/users\/2"}],"replies":[{"embeddable":true,"href":"https:\/\/www.europesays.com\/fr\/wp-json\/wp\/v2\/comments?post=7762"}],"version-history":[{"count":0,"href":"https:\/\/www.europesays.com\/fr\/wp-json\/wp\/v2\/posts\/7762\/revisions"}],"wp:featuredmedia":[{"embeddable":true,"href":"https:\/\/www.europesays.com\/fr\/wp-json\/wp\/v2\/media\/7763"}],"wp:attachment":[{"href":"https:\/\/www.europesays.com\/fr\/wp-json\/wp\/v2\/media?parent=7762"}],"wp:term":[{"taxonomy":"category","embeddable":true,"href":"https:\/\/www.europesays.com\/fr\/wp-json\/wp\/v2\/categories?post=7762"},{"taxonomy":"post_tag","embeddable":true,"href":"https:\/\/www.europesays.com\/fr\/wp-json\/wp\/v2\/tags?post=7762"}],"curies":[{"name":"wp","href":"https:\/\/api.w.org\/{rel}","templated":true}]}}