{"id":77663,"date":"2025-05-05T21:40:21","date_gmt":"2025-05-05T21:40:21","guid":{"rendered":"https:\/\/www.europesays.com\/fr\/77663\/"},"modified":"2025-05-05T21:40:21","modified_gmt":"2025-05-05T21:40:21","slug":"arrete-avec-un-autoradio-un-flacon-de-parfum-et-des-ecouteurs-dans-les-mains","status":"publish","type":"post","link":"https:\/\/www.europesays.com\/fr\/77663\/","title":{"rendered":"arr\u00eat\u00e9 avec un autoradio, un flacon de parfum et des \u00e9couteurs dans les mains"},"content":{"rendered":"<p>Dimanche 4\u00a0mai, vers 0h30, les policiers de la Brigade anticriminalit\u00e9 (BAC) ont interpell\u00e9 l\u2019auteur d\u2019un vol \u00e0 la roulotte, rue de la R\u00e9publique dans le centre-ville de Saint-Etienne. C\u2019est un t\u00e9moin des faits qui a alert\u00e9 les forces de l\u2019ordre en r\u00e9ussissant \u00e0 donner une description compl\u00e8te de l\u2019individu.<\/p>\n<p>Rapidement sur place, les fonctionnaires de la BAC sont parvenus \u00e0 identifier l\u2019homme, \u00e2g\u00e9 de 34 ans et r\u00e9sidant \u00e0 Saint-Etienne, et \u00e0 l\u2019interpeller. Ce dernier \u00e9tait porteur d\u2019un poste autoradio, d\u2019un flacon de parfum et d\u2019\u00e9couteurs dont il n\u2019a pas \u00e9t\u00e9 capable de fournir d\u2019explications sur leur origine.<\/p>\n<p>Plac\u00e9 en garde \u00e0 vue, il s\u2019est vu notifier \u00e0 l\u2019issue une convocation devant le tribunal correctionnel de Saint-Etienne au cours des prochaines semaines.<\/p>\n","protected":false},"excerpt":{"rendered":"Dimanche 4\u00a0mai, vers 0h30, les policiers de la Brigade anticriminalit\u00e9 (BAC) ont interpell\u00e9 l\u2019auteur d\u2019un vol \u00e0 la&hellip;\n","protected":false},"author":2,"featured_media":77664,"comment_status":"","ping_status":"","sticky":false,"template":"","format":"standard","meta":{"footnotes":""},"categories":[9653],"tags":[1111,11,2430,271,272,7539,1777,674,274,1011,27,3367,12,25,4001,7538],"class_list":{"0":"post-77663","1":"post","2":"type-post","3":"status-publish","4":"format-standard","5":"has-post-thumbnail","7":"category-saint-etienne","8":"tag-actu","9":"tag-actualites","10":"tag-auvergne-rhone-alpes","11":"tag-crime","12":"tag-delit-et-contravention","13":"tag-edition-loire-sud","14":"tag-eu","15":"tag-europe","16":"tag-faits-divers-justice","17":"tag-fr","18":"tag-france","19":"tag-loire","20":"tag-news","21":"tag-republique-francaise","22":"tag-saint-etienne","23":"tag-saint-etienne-ville"},"share_on_mastodon":{"url":"https:\/\/pubeurope.com\/@fr\/114457399965689035","error":""},"_links":{"self":[{"href":"https:\/\/www.europesays.com\/fr\/wp-json\/wp\/v2\/posts\/77663","targetHints":{"allow":["GET"]}}],"collection":[{"href":"https:\/\/www.europesays.com\/fr\/wp-json\/wp\/v2\/posts"}],"about":[{"href":"https:\/\/www.europesays.com\/fr\/wp-json\/wp\/v2\/types\/post"}],"author":[{"embeddable":true,"href":"https:\/\/www.europesays.com\/fr\/wp-json\/wp\/v2\/users\/2"}],"replies":[{"embeddable":true,"href":"https:\/\/www.europesays.com\/fr\/wp-json\/wp\/v2\/comments?post=77663"}],"version-history":[{"count":0,"href":"https:\/\/www.europesays.com\/fr\/wp-json\/wp\/v2\/posts\/77663\/revisions"}],"wp:featuredmedia":[{"embeddable":true,"href":"https:\/\/www.europesays.com\/fr\/wp-json\/wp\/v2\/media\/77664"}],"wp:attachment":[{"href":"https:\/\/www.europesays.com\/fr\/wp-json\/wp\/v2\/media?parent=77663"}],"wp:term":[{"taxonomy":"category","embeddable":true,"href":"https:\/\/www.europesays.com\/fr\/wp-json\/wp\/v2\/categories?post=77663"},{"taxonomy":"post_tag","embeddable":true,"href":"https:\/\/www.europesays.com\/fr\/wp-json\/wp\/v2\/tags?post=77663"}],"curies":[{"name":"wp","href":"https:\/\/api.w.org\/{rel}","templated":true}]}}