{"id":77681,"date":"2025-05-05T21:50:26","date_gmt":"2025-05-05T21:50:26","guid":{"rendered":"https:\/\/www.europesays.com\/fr\/77681\/"},"modified":"2025-05-05T21:50:26","modified_gmt":"2025-05-05T21:50:26","slug":"grenoble-marc-tourneboeuf-est-impatient-a-la-basse-cour","status":"publish","type":"post","link":"https:\/\/www.europesays.com\/fr\/77681\/","title":{"rendered":"Grenoble. Marc Tourneboeuf est impatient \u00e0 la Basse Cour"},"content":{"rendered":"<p>Marc est com\u00e9dien, auteur, metteur en sc\u00e8ne\u2026 Et impatient\u00a0! Confront\u00e9 aux \u00e9cueils de la distraction constante, aux r\u00e9seaux sociaux, \u00e0 ses peurs, il travaille comme un acharn\u00e9 mais aimerait que les choses aillent plus vite. Et qu\u2019arrive enfin \u00ab\u00a0la r\u00e9ussite\u00a0\u00bb\u00a0! \u00ab\u00a0La r\u00e9ussite, c\u2019est d\u2019aller d\u2019\u00e9chec en \u00e9chec sans perdre l\u2019enthousiasme\u00a0\u00bb, disait Churchill et jusqu\u2019ici, Marc r\u00e9ussit tous ses \u00e9checs avec beaucoup d\u2019enthousiasme\u00a0! Castings, tournages, amours\u2026<\/p>\n<p>Entre prose et alexandrins, sans jamais se d\u00e9partir de son optimisme, L\u2019Impatient  vous embarque dans la vie d\u2019un jeune com\u00e9dien passionn\u00e9 de Paris \u00e0 Avignon, de la France \u00e0 l\u2019Asie, en passant par l\u2019Australie\u2026<\/p>\n<p class=\"note\">Du jeudi\u00a08 au vendredi 10\u00a0mai \u00e0 20\u00a0h\u00a030 \u00e0 la Basse Cour. De 12 \u00e0 18\u00a0\u20ac.<\/p>\n","protected":false},"excerpt":{"rendered":"Marc est com\u00e9dien, auteur, metteur en sc\u00e8ne\u2026 Et impatient\u00a0! Confront\u00e9 aux \u00e9cueils de la distraction constante, aux r\u00e9seaux&hellip;\n","protected":false},"author":2,"featured_media":77682,"comment_status":"","ping_status":"","sticky":false,"template":"","format":"standard","meta":{"footnotes":""},"categories":[9566],"tags":[1111,11,2430,1687,112,1777,674,1011,27,2731,2732,108,12,25,3140],"class_list":{"0":"post-77681","1":"post","2":"type-post","3":"status-publish","4":"format-standard","5":"has-post-thumbnail","7":"category-grenoble","8":"tag-actu","9":"tag-actualites","10":"tag-auvergne-rhone-alpes","11":"tag-culture-loisirs","12":"tag-edition-grenoble-agglomeration","13":"tag-eu","14":"tag-europe","15":"tag-fr","16":"tag-france","17":"tag-grenoble","18":"tag-grenoble-bassin","19":"tag-isere","20":"tag-news","21":"tag-republique-francaise","22":"tag-spectacle"},"share_on_mastodon":{"url":"https:\/\/pubeurope.com\/@fr\/114457439299194888","error":""},"_links":{"self":[{"href":"https:\/\/www.europesays.com\/fr\/wp-json\/wp\/v2\/posts\/77681","targetHints":{"allow":["GET"]}}],"collection":[{"href":"https:\/\/www.europesays.com\/fr\/wp-json\/wp\/v2\/posts"}],"about":[{"href":"https:\/\/www.europesays.com\/fr\/wp-json\/wp\/v2\/types\/post"}],"author":[{"embeddable":true,"href":"https:\/\/www.europesays.com\/fr\/wp-json\/wp\/v2\/users\/2"}],"replies":[{"embeddable":true,"href":"https:\/\/www.europesays.com\/fr\/wp-json\/wp\/v2\/comments?post=77681"}],"version-history":[{"count":0,"href":"https:\/\/www.europesays.com\/fr\/wp-json\/wp\/v2\/posts\/77681\/revisions"}],"wp:featuredmedia":[{"embeddable":true,"href":"https:\/\/www.europesays.com\/fr\/wp-json\/wp\/v2\/media\/77682"}],"wp:attachment":[{"href":"https:\/\/www.europesays.com\/fr\/wp-json\/wp\/v2\/media?parent=77681"}],"wp:term":[{"taxonomy":"category","embeddable":true,"href":"https:\/\/www.europesays.com\/fr\/wp-json\/wp\/v2\/categories?post=77681"},{"taxonomy":"post_tag","embeddable":true,"href":"https:\/\/www.europesays.com\/fr\/wp-json\/wp\/v2\/tags?post=77681"}],"curies":[{"name":"wp","href":"https:\/\/api.w.org\/{rel}","templated":true}]}}