{"id":77689,"date":"2025-05-05T21:55:14","date_gmt":"2025-05-05T21:55:14","guid":{"rendered":"https:\/\/www.europesays.com\/fr\/77689\/"},"modified":"2025-05-05T21:55:14","modified_gmt":"2025-05-05T21:55:14","slug":"ostwald-beaucoup-de-questions-apres-les-degradations-commises-a-lecole-du-bohrie","status":"publish","type":"post","link":"https:\/\/www.europesays.com\/fr\/77689\/","title":{"rendered":"Ostwald. Beaucoup de questions apr\u00e8s les d\u00e9gradations commises \u00e0 l\u2019\u00e9cole du Bohrie"},"content":{"rendered":"<p>Sans rime ni raison, <a href=\"https:\/\/www.dna.fr\/faits-divers-justice\/2025\/05\/04\/des-degradations-a-l-ecole-maternelle-du-bohrie\" target=\"_blank\" rel=\"noopener\">les vandales pass\u00e9s dans les deux salles de classe se sont d\u00e9foul\u00e9s<\/a> \u00a0: sols, murs et mobiliers macul\u00e9s de peinture acrylique, d\u2019encre et de jus de fruits\u00a0; jouets, bricolages et mat\u00e9riel p\u00e9dagogique saccag\u00e9s ou disparus, argent des photos de classe vol\u00e9, petites tables et chaises sens dessus dessous, feuilles et \u0153ufs en chocolat \u00e9parpill\u00e9s un peu partout\u2026 C\u2019est ce capharna\u00fcm qu\u2019a d\u00e9couvert, dimanche 4\u00a0mai en fin d\u2019apr\u00e8s-midi, la directrice de l\u2019\u00e9cole du Bohrie \u00e0 Ostwald, Isabelle Masson.<\/p>\n<p>Elle avait \u00e9t\u00e9 alert\u00e9e par une accompagnante d\u2019\u00e9l\u00e8ves en situation de handicap (AESH) qui, se promenant dans les parages, a aper\u00e7u un gamin d\u2019une dizaine d\u2019ann\u00e9es sortir par une fen\u00eatre de la classe, un second errer dans la cour d\u2019\u00e9cole, un troisi\u00e8me les rejoindre. La Ville a port\u00e9 plainte aupr\u00e8s de la police, venue constater les faits. D\u00e8s dimanche soir, les parents d\u2019\u00e9l\u00e8ves des deux classes ont \u00e9t\u00e9 avertis que leurs enfants ne pourraient \u00eatre accueillis le lendemain \u2013 quelques-uns, sans solution de garde, ont \u00e9t\u00e9 r\u00e9partis dans d\u2019autres classes.<\/p>\n<p>Ce contenu est bloqu\u00e9 car vous n&rsquo;avez pas accept\u00e9 les cookies et autres traceurs.<\/p>\n<p>En cliquant sur \u00ab J\u2019accepte \u00bb, les cookies et autres traceurs seront d\u00e9pos\u00e9s et vous pourrez visualiser les contenus  (<a href=\"\" class=\"consentModule_policy\" target=\"_blank\" title=\"Consulter la politique de protection des donn\u00e9es du fournisseur\">plus d&rsquo;informations<\/a>).<\/p>\n<p>En cliquant sur \u00ab J\u2019accepte tous les cookies \u00bb, vous autorisez des d\u00e9p\u00f4ts de cookies et autres traceurs pour le stockage de vos donn\u00e9es sur nos sites et applications \u00e0 des fins de personnalisation et de ciblage publicitaire.<\/p>\n<p class=\"consentModule_secondaryText\">Vous gardez la possibilit\u00e9 de retirer votre consentement \u00e0 tout moment en consultant notre <a href=\"https:\/\/www.dna.fr\/protection-des-donnees\" target=\"_blank\" title=\"Consulter notre politique de protection des donn\u00e9es\" rel=\"noopener\">politique de protection des donn\u00e9es<\/a>. <br \/>&#13;<br \/>\n            <a href=\"https:\/\/www.dna.fr\/faits-divers-justice\/2025\/05\/05\/javascript:Didomi.notice.show()\" class=\"consentModule_cmp\" target=\"_blank\" rel=\"noopener\">G\u00e9rer mes choix<\/a>&#13;\n        <\/p>\n<p>&#13;<br \/>\n                        J&rsquo;accepte&#13;<br \/>\n            J&rsquo;accepte tous les cookies&#13;\n        <\/p>\n<p>Ce lundi, enseignantes, Atsem, AESH, jeunes en service civique et femmes de m\u00e9nage ont pass\u00e9 de longues heures \u00e0 nettoyer le mobilier, r\u00e9cup\u00e9rer le mat\u00e9riel p\u00e9dagogique qui pouvait l\u2019\u00eatre, faire l\u2019inventaire. \u00ab\u00a0Je ne sais plus si je suis en col\u00e8re ou d\u00e9sabus\u00e9e\u2026 On fait tellement attention \u00e0 \u00e9conomiser le mat\u00e9riel\u00a0! Pourquoi ont-ils fait cela\u00a0? Par ennui\u00a0?\u00a0\u00bb s\u2019interroge Isabelle Hurst, ma\u00eetresse de petite section. La dizaine de femmes mobilis\u00e9es ne m\u00e9nagent pas leurs efforts dans l\u2019espoir d\u2019offrir bient\u00f4t aux petits \u00e9l\u00e8ves un semblant de normalit\u00e9.<\/p>\n<p>  Intervention de l\u2019entreprise de nettoyage pr\u00e9vue ce mardi<\/p>\n<p>L\u2019entreprise de nettoyage mandat\u00e9e par la Ville, pour les sols, ne devrait intervenir que ce mardi. En cons\u00e9quence, \u00ab\u00a0les salles seront \u00e0 nouveau utilisables vendredi, jeudi \u00e9tant f\u00e9ri\u00e9\u00a0\u00bb, indique la directrice de l\u2019\u00e9cole, \u00ab\u00a0mais les parents qui n\u2019ont pas de solution de garde peuvent \u00e9videmment d\u00e9poser leurs enfants \u00e0 l\u2019\u00e9cole\u00a0\u00bb. \u00ab\u00a0On est tristes et d\u00e9vast\u00e9es par ce vandalisme, qu\u2019est-ce qu\u2019on va dire aux enfants\u00a0? C\u2019est d\u00e9courageant, on travaille d\u00e9j\u00e0 dans des conditions difficiles au quotidien\u00a0\u00bb, consid\u00e8rent Anne Champlon, enseignante des petits-moyens, et Katia Rania, Atsem. De novembre \u00e0 mars, la classe de 28 \u00e9l\u00e8ves a \u00e9t\u00e9 priv\u00e9e d\u2019un demi-poste d\u2019enseignant et a donc fonctionn\u00e9 \u00e0 mi-temps\u2026<\/p>\n<p>  D\u2019autres d\u00e9gradations dans les toilettes des filles<\/p>\n<p>Lors de la r\u00e9cr\u00e9ation de 10 heures, d\u2019autres d\u00e9gradations sont d\u00e9couvertes dans les toilettes des filles de la cour de l\u2019\u00e9l\u00e9mentaire\u00a0: une fen\u00eatre g\u00eet au sol, du verre \u00e9parpill\u00e9, les supports du papier toilette ont \u00e9t\u00e9 arrach\u00e9s. Les personnels de l\u2019\u00e9cole sont \u00e0 peine surpris\u00a0: \u00ab\u00a0Il y a d\u00e9j\u00e0 eu plusieurs effractions\u00a0: une fois, des dalles du faux plafond d\u2019une salle de classe ont \u00e9t\u00e9 d\u00e9mont\u00e9es\u00a0; il y a quinze jours, on a retrouv\u00e9 du sirop et de la p\u00e2te \u00e0 tartiner d\u00e9vers\u00e9s sur le sol de la cantine\u00a0; des parents d\u2019\u00e9l\u00e8ves ont vu des individus sur le toit v\u00e9g\u00e9talis\u00e9 de l\u2019\u00e9cole qui faisaient des barbecues et fumaient la chicha, d\u2019autres qui ont fait un feu dans la prairie juste \u00e0 c\u00f4t\u00e9 du grillage de la cour\u2026\u00a0\u00bb<\/p>\n<p>  Le site est vid\u00e9osurveill\u00e9<\/p>\n<p>Adjointe \u00e0 la maire en charge de l\u2019enfance, Delphine Rideau observe que \u00ab\u00a0l\u2019\u00e9cole du Bohrie, <a href=\"https:\/\/www.dna.fr\/education\/2020\/10\/31\/l-ecole-des-rives-du-bohrie-prete-a-accueillir-les-eleves\" target=\"_blank\" rel=\"noopener\">de par sa conception de plain-pied<\/a> [l\u2019\u00e9l\u00e9mentaire est \u00e0 l\u2019\u00e9tage, ndlr], avec beaucoup de fen\u00eatres, sans volets, est difficile \u00e0 s\u00e9curiser\u00a0\u00bb. Cependant, dans la perspective de construction d\u2019un b\u00e2timent scolaire suppl\u00e9mentaire sur site, \u00ab\u00a0l\u2019\u00e9cole sera retravaill\u00e9e pour am\u00e9liorer ce point\u00a0\u00bb.<\/p>\n<p>Aucune alarme n\u2019a retenti ce dimanche, sans que personne ne puisse dire s\u2019il s\u2019agit du dispositif normal ou d\u2019un dysfonctionnement. \u00ab\u00a0En tout cas, le site est vid\u00e9osurveill\u00e9, et la police va regarder les images des cam\u00e9ras dans le cadre de son enqu\u00eate\u00a0\u00bb, assure Delphine Rideau.<\/p>\n","protected":false},"excerpt":{"rendered":"Sans rime ni raison, les vandales pass\u00e9s dans les deux salles de classe se sont d\u00e9foul\u00e9s \u00a0: sols,&hellip;\n","protected":false},"author":2,"featured_media":77690,"comment_status":"","ping_status":"","sticky":false,"template":"","format":"standard","meta":{"footnotes":""},"categories":[2820],"tags":[1111,11,271,272,2880,1777,674,274,107,1011,27,775,12,6611,25,640,3089],"class_list":{"0":"post-77689","1":"post","2":"type-post","3":"status-publish","4":"format-standard","5":"has-post-thumbnail","7":"category-strasbourg","8":"tag-actu","9":"tag-actualites","10":"tag-crime","11":"tag-delit-et-contravention","12":"tag-edition-strasbourg","13":"tag-eu","14":"tag-europe","15":"tag-faits-divers-justice","16":"tag-fil-info","17":"tag-fr","18":"tag-france","19":"tag-grand-est","20":"tag-news","21":"tag-ostwald","22":"tag-republique-francaise","23":"tag-strasbourg","24":"tag-strasbourg-sud"},"share_on_mastodon":{"url":"https:\/\/pubeurope.com\/@fr\/114457459077273890","error":""},"_links":{"self":[{"href":"https:\/\/www.europesays.com\/fr\/wp-json\/wp\/v2\/posts\/77689","targetHints":{"allow":["GET"]}}],"collection":[{"href":"https:\/\/www.europesays.com\/fr\/wp-json\/wp\/v2\/posts"}],"about":[{"href":"https:\/\/www.europesays.com\/fr\/wp-json\/wp\/v2\/types\/post"}],"author":[{"embeddable":true,"href":"https:\/\/www.europesays.com\/fr\/wp-json\/wp\/v2\/users\/2"}],"replies":[{"embeddable":true,"href":"https:\/\/www.europesays.com\/fr\/wp-json\/wp\/v2\/comments?post=77689"}],"version-history":[{"count":0,"href":"https:\/\/www.europesays.com\/fr\/wp-json\/wp\/v2\/posts\/77689\/revisions"}],"wp:featuredmedia":[{"embeddable":true,"href":"https:\/\/www.europesays.com\/fr\/wp-json\/wp\/v2\/media\/77690"}],"wp:attachment":[{"href":"https:\/\/www.europesays.com\/fr\/wp-json\/wp\/v2\/media?parent=77689"}],"wp:term":[{"taxonomy":"category","embeddable":true,"href":"https:\/\/www.europesays.com\/fr\/wp-json\/wp\/v2\/categories?post=77689"},{"taxonomy":"post_tag","embeddable":true,"href":"https:\/\/www.europesays.com\/fr\/wp-json\/wp\/v2\/tags?post=77689"}],"curies":[{"name":"wp","href":"https:\/\/api.w.org\/{rel}","templated":true}]}}