{"id":77691,"date":"2025-05-05T21:56:08","date_gmt":"2025-05-05T21:56:08","guid":{"rendered":"https:\/\/www.europesays.com\/fr\/77691\/"},"modified":"2025-05-05T21:56:08","modified_gmt":"2025-05-05T21:56:08","slug":"allez-enzo-ou-tu-es-nous-sommes-la-le-chant-des-ultras-du-psg-pour-un-fan-de-strasbourg-en-fauteuil-roulant","status":"publish","type":"post","link":"https:\/\/www.europesays.com\/fr\/77691\/","title":{"rendered":"\u00ab\u00a0Allez Enzo, o\u00f9 tu es nous sommes l\u00e0\u00a0\u00bb, le chant des ultras du PSG pour un fan de Strasbourg en fauteuil roulant"},"content":{"rendered":"<p>C&rsquo;est l&rsquo;une des belles images du week-end de Ligue 1, devenue virale sur les r\u00e9seaux sociaux. Samedi lors du d\u00e9placement du <a href=\"https:\/\/fr.news.yahoo.com\/sport\/psg-arsenal-ousmane-demb%C3%A9l%C3%A9-particip%C3%A9-140437396.html\" data-ylk=\"slk:Paris Saint-Germain;elm:context_link;itc:0;sec:content-canvas;outcm:mb_qualified_link;_E:mb_qualified_link;ct:story;\" class=\"link  yahoo-link\" target=\"_blank\" rel=\"noopener\">Paris Saint-Germain<\/a> \u00e0 <a href=\"https:\/\/rmcsport.bfmtv.com\/football\/ligue-1\/direct-strasbourg-psg-suivez-en-live-le-match-de-la-32e-journee-de-ligue-1_LS-202505030128.html\" rel=\"nofollow noopener\" target=\"_blank\" data-ylk=\"slk:Strasbourg;elm:context_link;itc:0;sec:content-canvas\" class=\"link \">Strasbourg<\/a> en Ligue 1 (2-1), les ultras parisiens ont chant\u00e9 pour un jeune supporter strasbourgeois en situation de handicap, qui se trouvait au pied du parcage dans son fauteuil roulant.<\/p>\n<p>Enzo, de son pr\u00e9nom, a d&rsquo;abord entonn\u00e9 les chants habituels des supporters parisiens, qui ont d\u00e9cid\u00e9 ensuite de lui d\u00e9dier un moment. \u00ab\u00a0Allez Enzo, o\u00f9 tu es nous sommes l\u00e0, tu ne seras jamais seul, car nous deux c\u2019est pour la vie\u00a0\u00bb, a ainsi chant\u00e9 le parcage, en d\u00e9tournant les paroles d&rsquo;un chant traditionnel.<\/p>\n<p>Sur le terrain, le Paris Saint-Germain n&rsquo;a pas offert le spectacle attendu et a conc\u00e9d\u00e9 sa deuxi\u00e8me d\u00e9faite de la saison en <a href=\"https:\/\/fr.news.yahoo.com\/sport\/ligue-1-pourquoi-reims-pourrait-145119379.html\" data-ylk=\"slk:Ligue 1;elm:context_link;itc:0;sec:content-canvas;outcm:mb_qualified_link;_E:mb_qualified_link;ct:story;\" class=\"link  yahoo-link\" target=\"_blank\" rel=\"noopener\">Ligue 1<\/a>, avec une \u00e9quipe nettement remani\u00e9e et priv\u00e9e de ses titulaires habituels \u00e0 quelques juours de la demi-finale retour de Ligue des champions contre Arsenal (ce mercredi au Parc des Princes). Mais en tribunes, les ultras parisiens ont donc \u00e9t\u00e9 \u00e0 l&rsquo;initiative de ce moment de partage, qui restera sans doute longtemps dans la m\u00e9moire du jeune Enzo.<\/p>\n<p><a href=\"https:\/\/rmcsport.bfmtv.com\/football\/ligue-1\/allez-enzo-ou-tu-es-nous-sommes-la-le-chant-des-ultras-du-psg-pour-un-fan-de-strasbourg-en-fauteuil-roulant_AV-202505050877.html#xtor=AL-68\" rel=\"nofollow noopener\" target=\"_blank\" data-ylk=\"slk:Article original publi\u00e9 sur RMC Sport;elm:context_link;itc:0;sec:content-canvas\" class=\"link \">Article original publi\u00e9 sur RMC Sport<\/a><\/p>\n","protected":false},"excerpt":{"rendered":"C&rsquo;est l&rsquo;une des belles images du week-end de Ligue 1, devenue virale sur les r\u00e9seaux sociaux. Samedi lors&hellip;\n","protected":false},"author":2,"featured_media":77692,"comment_status":"","ping_status":"","sticky":false,"template":"","format":"standard","meta":{"footnotes":""},"categories":[2820],"tags":[1111,11,1777,674,18313,1011,27,775,66,12,2334,91,25,9081,640],"class_list":{"0":"post-77691","1":"post","2":"type-post","3":"status-publish","4":"format-standard","5":"has-post-thumbnail","7":"category-strasbourg","8":"tag-actu","9":"tag-actualites","10":"tag-eu","11":"tag-europe","12":"tag-fauteuil-roulant","13":"tag-fr","14":"tag-france","15":"tag-grand-est","16":"tag-ligue-1","17":"tag-news","18":"tag-parc-des-princes","19":"tag-paris-saint-germain","20":"tag-republique-francaise","21":"tag-situation-de-handicap","22":"tag-strasbourg"},"share_on_mastodon":{"url":"https:\/\/pubeurope.com\/@fr\/114457462976043855","error":""},"_links":{"self":[{"href":"https:\/\/www.europesays.com\/fr\/wp-json\/wp\/v2\/posts\/77691","targetHints":{"allow":["GET"]}}],"collection":[{"href":"https:\/\/www.europesays.com\/fr\/wp-json\/wp\/v2\/posts"}],"about":[{"href":"https:\/\/www.europesays.com\/fr\/wp-json\/wp\/v2\/types\/post"}],"author":[{"embeddable":true,"href":"https:\/\/www.europesays.com\/fr\/wp-json\/wp\/v2\/users\/2"}],"replies":[{"embeddable":true,"href":"https:\/\/www.europesays.com\/fr\/wp-json\/wp\/v2\/comments?post=77691"}],"version-history":[{"count":0,"href":"https:\/\/www.europesays.com\/fr\/wp-json\/wp\/v2\/posts\/77691\/revisions"}],"wp:featuredmedia":[{"embeddable":true,"href":"https:\/\/www.europesays.com\/fr\/wp-json\/wp\/v2\/media\/77692"}],"wp:attachment":[{"href":"https:\/\/www.europesays.com\/fr\/wp-json\/wp\/v2\/media?parent=77691"}],"wp:term":[{"taxonomy":"category","embeddable":true,"href":"https:\/\/www.europesays.com\/fr\/wp-json\/wp\/v2\/categories?post=77691"},{"taxonomy":"post_tag","embeddable":true,"href":"https:\/\/www.europesays.com\/fr\/wp-json\/wp\/v2\/tags?post=77691"}],"curies":[{"name":"wp","href":"https:\/\/api.w.org\/{rel}","templated":true}]}}