{"id":777,"date":"2025-04-01T23:48:14","date_gmt":"2025-04-01T23:48:14","guid":{"rendered":"https:\/\/www.europesays.com\/fr\/777\/"},"modified":"2025-04-01T23:48:14","modified_gmt":"2025-04-01T23:48:14","slug":"pourquoi-les-francais-sont-ils-de-plus-en-plus-malheureux-le-rapport-qui-fait-peur","status":"publish","type":"post","link":"https:\/\/www.europesays.com\/fr\/777\/","title":{"rendered":"Pourquoi les Fran\u00e7ais sont-ils de plus en plus malheureux ? Le rapport qui fait peur"},"content":{"rendered":"<p><strong>Le mal-\u00eatre des Fran\u00e7ais atteint un niveau pr\u00e9occupant en 2025<\/strong>, suscitant de nombreuses interrogations sur les causes profondes de ce ph\u00e9nom\u00e8ne. Les r\u00e9centes \u00e9tudes et t\u00e9moignages r\u00e9v\u00e8lent une r\u00e9alit\u00e9 troublante qui ne peut plus \u00eatre ignor\u00e9e.\u00a0Entre pressions \u00e9conomiques, incertitudes politiques et bouleversements sociaux, <strong>le quotidien semble peser lourdement sur le moral des citoyens<\/strong>.<\/p>\n<p>Ce climat anxiog\u00e8ne soul\u00e8ve des questions cruciales sur l\u2019avenir du bien-\u00eatre collectif et individuel. Quelles sont les raisons de cette d\u00e9tresse croissante ? Comment y rem\u00e9dier efficacement ? Cet article explore les dessous d\u2019une situation alarmante qui interpelle autant qu\u2019elle inqui\u00e8te.<\/p>\n<p>Classement du bonheur et crit\u00e8res d\u2019\u00e9valuation<\/p>\n<p>Le World Happiness Report 2025, publi\u00e9 sous l\u2019\u00e9gide de l\u2019ONU, r\u00e9v\u00e8le une fois de plus la supr\u00e9matie de la Finlande en mati\u00e8re de bien-\u00eatre national. Pour la huiti\u00e8me ann\u00e9e cons\u00e9cutive, ce pays nordique se hisse au sommet du classement mondial du bonheur.\u00a0En revanche, <strong>la France chute \u00e0 la 33\u1d49 place<\/strong> tandis que les \u00c9tats-Unis atteignent leur pire position historique en tombant \u00e0 la 24\u1d49 place.<\/p>\n<p>Ces disparit\u00e9s s\u2019expliquent par des crit\u00e8res tels que le <a href=\"https:\/\/l-echo-des-seniors.fr\/cumuler-lallocation-de-soutien-familial-avec-dautres-aides-ce-quil-faut-savoir\/\" rel=\"nofollow noopener\" target=\"_blank\">soutien social<\/a>, le PIB par habitant, l\u2019esp\u00e9rance de vie en bonne sant\u00e9, la libert\u00e9 individuelle, la g\u00e9n\u00e9rosit\u00e9 et la perception de la corruption, qui influencent fortement le sentiment de bonheur dans chaque nation.<\/p>\n<p>La Finlande, un mod\u00e8le de bonheur durable<\/p>\n<p>La Finlande continue de dominer le classement du bonheur gr\u00e2ce \u00e0 son <strong>syst\u00e8me social exemplaire<\/strong>. Le pays offre <strong>une couverture universelle des soins de sant\u00e9<\/strong> et <strong>un acc\u00e8s gratuit \u00e0 l\u2019\u00e9ducation<\/strong>, assurant ainsi un bien-\u00eatre stable pour ses citoyens. La confiance dans les institutions est renforc\u00e9e par une d\u00e9mocratie efficace, caract\u00e9ris\u00e9e par des \u00e9lections libres et un faible niveau de corruption.<\/p>\n<p>En outre, <strong>le mode de vie finlandais valorise l\u2019acc\u00e8s \u00e0 la nature<\/strong>, avec ses innombrables lacs et for\u00eats, et cultive un fort sentiment d\u2019entraide et de solidarit\u00e9. Ces \u00e9l\u00e9ments, plus que le revenu, sont d\u00e9terminants pour le bonheur des Finlandais, prouvant que l\u2019\u00e9panouissement repose sur des valeurs sociales plut\u00f4t qu\u2019\u00e9conomiques.<\/p>\n<p>Probl\u00e8mes en France et critiques du rapport<\/p>\n<p>La France, class\u00e9e 33\u1d49 dans le World Happiness Report 2025, souffre d\u2019<strong>une crise de confiance envers ses institutions et dirigeants<\/strong>. La perception \u00e9lev\u00e9e de la corruption alimente une d\u00e9fiance g\u00e9n\u00e9ralis\u00e9e, exacerbant l\u2019insatisfaction citoyenne.<\/p>\n<p>Le <a href=\"https:\/\/l-echo-des-seniors.fr\/nouvelles-mesures-pour-lemploi-des-seniors-ce-que-prevoit-le-projet-de-loi-du-gouvernement\/\" rel=\"nofollow noopener\" target=\"_blank\">march\u00e9 du travail<\/a> rigide et les in\u00e9galit\u00e9s \u00e9conomiques persistantes aggravent cette situation. Par ailleurs,<strong> le rapport est critiqu\u00e9 pour son caract\u00e8re subjectif<\/strong>, reposant sur des auto-\u00e9valuations du bonheur qui varient culturellement. De plus, des exemples comme le Costa Rica montrent que le bien-\u00eatre ne d\u00e9pend pas uniquement du PIB par habitant. Ces \u00e9l\u00e9ments soulignent que le bonheur national est influenc\u00e9 par une multitude de facteurs au-del\u00e0 des simples indicateurs \u00e9conomiques.<\/p>\n","protected":false},"excerpt":{"rendered":"Le mal-\u00eatre des Fran\u00e7ais atteint un niveau pr\u00e9occupant en 2025, suscitant de nombreuses interrogations sur les causes profondes&hellip;\n","protected":false},"author":2,"featured_media":778,"comment_status":"","ping_status":"","sticky":false,"template":"","format":"standard","meta":{"footnotes":""},"categories":[5],"tags":[328,11,14,12,585,28],"class_list":{"0":"post-777","1":"post","2":"type-post","3":"status-publish","4":"format-standard","5":"has-post-thumbnail","7":"category-international","8":"tag-a-la-une","9":"tag-actualites","10":"tag-international","11":"tag-news","12":"tag-sant","13":"tag-world"},"share_on_mastodon":{"url":"https:\/\/pubeurope.com\/@fr\/114265384722451668","error":""},"_links":{"self":[{"href":"https:\/\/www.europesays.com\/fr\/wp-json\/wp\/v2\/posts\/777","targetHints":{"allow":["GET"]}}],"collection":[{"href":"https:\/\/www.europesays.com\/fr\/wp-json\/wp\/v2\/posts"}],"about":[{"href":"https:\/\/www.europesays.com\/fr\/wp-json\/wp\/v2\/types\/post"}],"author":[{"embeddable":true,"href":"https:\/\/www.europesays.com\/fr\/wp-json\/wp\/v2\/users\/2"}],"replies":[{"embeddable":true,"href":"https:\/\/www.europesays.com\/fr\/wp-json\/wp\/v2\/comments?post=777"}],"version-history":[{"count":0,"href":"https:\/\/www.europesays.com\/fr\/wp-json\/wp\/v2\/posts\/777\/revisions"}],"wp:featuredmedia":[{"embeddable":true,"href":"https:\/\/www.europesays.com\/fr\/wp-json\/wp\/v2\/media\/778"}],"wp:attachment":[{"href":"https:\/\/www.europesays.com\/fr\/wp-json\/wp\/v2\/media?parent=777"}],"wp:term":[{"taxonomy":"category","embeddable":true,"href":"https:\/\/www.europesays.com\/fr\/wp-json\/wp\/v2\/categories?post=777"},{"taxonomy":"post_tag","embeddable":true,"href":"https:\/\/www.europesays.com\/fr\/wp-json\/wp\/v2\/tags?post=777"}],"curies":[{"name":"wp","href":"https:\/\/api.w.org\/{rel}","templated":true}]}}