{"id":777089,"date":"2026-03-05T09:53:13","date_gmt":"2026-03-05T09:53:13","guid":{"rendered":"https:\/\/www.europesays.com\/fr\/777089\/"},"modified":"2026-03-05T09:53:13","modified_gmt":"2026-03-05T09:53:13","slug":"municipales-2026-a-saint-etienne-a-la-rencontre-de-valentine-mercier","status":"publish","type":"post","link":"https:\/\/www.europesays.com\/fr\/777089\/","title":{"rendered":"Municipales 2026 \u00e0 Saint-\u00c9tienne : \u00e0 la rencontre de Valentine Mercier"},"content":{"rendered":"<p>J-10 avant le premier tour des municipales ! \u00c0 cette occasion, Radio SCOOP fait le tour des candidats pour la mairie de Saint-\u00c9tienne. Cinqui\u00e8me \u00e9pisode avec Valentine Mercier, t\u00eate de liste de \u00ab\u00a0Saint-\u00c9tienne Insoumise\u00a0\u00bb.<\/p>\n<p>\u00c0 quelques jours du lancement des <b>\u00e9lections municipales des 15 et 22 mars<\/b>, la campagne \u00e9lectorale s&rsquo;intensifie \u00e0 <b>Saint-\u00c9tienne<\/b> !\u00a0<\/p>\n<p><b>Huit listes<\/b>* se disputent la mairie, dont celle de <b>Valentine Mercier<\/b> \u00e9tiquet\u00e9e <b>La France Insoumise<\/b> (LFI).<\/p>\n<p>Valentine Mercier est attach\u00e9e parlementaire de la d\u00e9put\u00e9e Andr\u00e9e Taurinya, d\u00e9tach\u00e9e de l&rsquo;\u00c9ducation nationale. Avec la liste \u00ab\u00a0<b>Saint-\u00c9tienne Insoumise<\/b>\u00ab\u00a0, elle d\u00e9fend un programme ax\u00e9 sur la d\u00e9mocratie participative, la jeunesse et le renforcement des services publics locaux.<\/p>\n<p>\u00ab\u00a0Nous d\u00e9fendons l&rsquo;id\u00e9e d&rsquo;une ville faite par et pour ses habitants\u00a0\u00bb<\/p>\n<p><b>Radio SCOOP : Quelles sont les grandes lignes de votre programme et quelles mesures souhaitez-vous mettre en place ?<\/b><\/p>\n<p>Valentine Mercier : \u00ab\u00a0Nous d\u00e9fendons l&rsquo;id\u00e9e d&rsquo;une ville faite par et pour ses habitants. Les citoyens doivent pouvoir participer directement aux d\u00e9cisions qui les concernent. Cela passe par des conseils de quartier dot\u00e9s de budgets participatifs, par la mise en place du RIC (R\u00e9f\u00e9rendum d&rsquo;initiative citoyenne), qui \u00e9tait une revendication majeure du mouvement des Gilets jaunes. Nous proposons aussi des assises de la culture, des commissions th\u00e9matiques sur les grands sujets municipaux, afin que les acteurs concern\u00e9s participent \u00e0 l&rsquo;\u00e9laboration des politiques publiques.\u00a0<\/p>\n<p>Nous voulons \u00e9galement des politiques publiques destin\u00e9es d&rsquo;abord aux St\u00e9phanois et aux St\u00e9phanoises, et non orient\u00e9es vers l&rsquo;attractivit\u00e9 ext\u00e9rieure \u00e0 coups de campagnes de communication co\u00fbteuses.  Les \u00e9coles publiques sont une priorit\u00e9, car elles constituent le creuset des g\u00e9n\u00e9rations futures. Nous voulons garantir des logements dignes et accessibles, d\u00e9velopper les transports en commun et les mobilit\u00e9s douces, rendre le centre-ville plus dynamique et plus agr\u00e9able, notamment en facilitant l&rsquo;activit\u00e9 associative. Nous d\u00e9fendons aussi une ville engag\u00e9e pour la paix et la justice dans le monde, ce qui implique de ne pas nouer de partenariats avec des entit\u00e9s qui ne respectent pas les droits humains.\u00a0\u00bb<\/p>\n<p><b>La question de la s\u00e9curit\u00e9 est tr\u00e8s pr\u00e9sente dans le d\u00e9bat, quelle est votre position ?<\/b><\/p>\n<p>\u00ab\u00a0Nous parlons plut\u00f4t de tranquillit\u00e9 publique que de s\u00e9curit\u00e9, car ce dernier terme renvoie souvent \u00e0 un imaginaire de la peur. Nous voulons red\u00e9ployer une police de proximit\u00e9, avec une pr\u00e9sence humaine renforc\u00e9e, des commissariats de quartier et une affectation g\u00e9ographique stable des agents pour favoriser le lien de confiance. La police municipale doit se concentrer sur la pr\u00e9vention, la m\u00e9diation des conflits de basse intensit\u00e9, l&rsquo;application des arr\u00eat\u00e9s municipaux et la r\u00e9gulation de la circulation, sans \u00eatre mise en danger en secondant la police nationale pour des missions pour lesquelles elle n&rsquo;est pas form\u00e9e.\u00a0\u00bb<\/p>\n<p><b>Comment comptez-vous redynamiser le centre-ville ?<\/b><\/p>\n<p>\u00ab\u00a0Pas uniquement par le commerce, mais aussi par les services publics et le tissu associatif, en valorisant la culture populaire et en facilitant l&rsquo;acc\u00e8s \u00e0 l&rsquo;espace public pour ces acteurs. Un centre-ville plus vivant est un centre-ville plus fr\u00e9quent\u00e9, ce qui b\u00e9n\u00e9ficie aussi aux commerces. Nous voulons am\u00e9liorer les transports en commun pour les rendre plus accessibles, v\u00e9g\u00e9taliser et pi\u00e9tonniser certaines zones. La mairie pourra \u00e9galement pr\u00e9empter des locaux vacants pour les louer \u00e0 des tarifs mod\u00e9r\u00e9s et progressifs, en fonction du chiffre d&rsquo;affaires des commer\u00e7ants, afin de soutenir les nouvelles activit\u00e9s. Nous travaillerons avec des associations engag\u00e9es dans la r\u00e9novation et l&rsquo;occupation des rez-de-chauss\u00e9e vacants.\u00a0\u00bb<\/p>\n<p>*La liste des candidats pour les \u00e9lections municipales \u00e0 Saint-\u00c9tienne :<br \/>Romain Brossard, Marc Chassaub\u00e9n\u00e9, Dino Cinieri, Corentin Jousserand, R\u00e9gis Juanico, Siham Labich, Eric Le Jaouen et Valentine Mercier.<\/p>\n<p><img loading=\"lazy\" decoding=\"async\" src=\"https:\/\/www.europesays.com\/fr\/wp-content\/uploads\/2026\/03\/1772704393_438_img.png\" width=\"350\" height=\"200\" border=\"0\" title=\"Corentin Jousserand est le d\u00c3\u00a9l\u00c3\u00a9gu\u00c3\u00a9 d\u00c3\u00a9partemental de la Loire du RN.\"\/><\/p>\n<p>\u25baElections<\/p>\n<p style=\"font-size: 22px;\"><b>Municipales 2026 \u00e0 Saint-Etienne\u00a0: \u00e0 la rencontre de Corentin Jousserand<\/b><\/p>\n<p>\u00c0 l&rsquo;approche du premier tour des \u00e9lections municipales,&#8230;<\/p>\n<p><\/p>\n","protected":false},"excerpt":{"rendered":"J-10 avant le premier tour des municipales ! \u00c0 cette occasion, Radio SCOOP fait le tour des candidats&hellip;\n","protected":false},"author":2,"featured_media":777090,"comment_status":"","ping_status":"","sticky":false,"template":"","format":"standard","meta":{"footnotes":"","_share_on_mastodon":"0"},"categories":[9653],"tags":[11910,1111,11,2430,1777,674,1011,27,780,3434,12,25,4001,24480],"class_list":["post-777089","post","type-post","status-publish","format-standard","has-post-thumbnail","category-saint-etienne","tag-lections","tag-actu","tag-actualites","tag-auvergne-rhone-alpes","tag-eu","tag-europe","tag-fr","tag-france","tag-lfi","tag-municipales-2026","tag-news","tag-republique-francaise","tag-saint-etienne","tag-valentine-mercier"],"share_on_mastodon":{"url":"https:\/\/pubeurope.com\/@fr\/116175962817554569","error":""},"_links":{"self":[{"href":"https:\/\/www.europesays.com\/fr\/wp-json\/wp\/v2\/posts\/777089","targetHints":{"allow":["GET"]}}],"collection":[{"href":"https:\/\/www.europesays.com\/fr\/wp-json\/wp\/v2\/posts"}],"about":[{"href":"https:\/\/www.europesays.com\/fr\/wp-json\/wp\/v2\/types\/post"}],"author":[{"embeddable":true,"href":"https:\/\/www.europesays.com\/fr\/wp-json\/wp\/v2\/users\/2"}],"replies":[{"embeddable":true,"href":"https:\/\/www.europesays.com\/fr\/wp-json\/wp\/v2\/comments?post=777089"}],"version-history":[{"count":0,"href":"https:\/\/www.europesays.com\/fr\/wp-json\/wp\/v2\/posts\/777089\/revisions"}],"wp:featuredmedia":[{"embeddable":true,"href":"https:\/\/www.europesays.com\/fr\/wp-json\/wp\/v2\/media\/777090"}],"wp:attachment":[{"href":"https:\/\/www.europesays.com\/fr\/wp-json\/wp\/v2\/media?parent=777089"}],"wp:term":[{"taxonomy":"category","embeddable":true,"href":"https:\/\/www.europesays.com\/fr\/wp-json\/wp\/v2\/categories?post=777089"},{"taxonomy":"post_tag","embeddable":true,"href":"https:\/\/www.europesays.com\/fr\/wp-json\/wp\/v2\/tags?post=777089"}],"curies":[{"name":"wp","href":"https:\/\/api.w.org\/{rel}","templated":true}]}}