{"id":77714,"date":"2025-05-05T22:09:13","date_gmt":"2025-05-05T22:09:13","guid":{"rendered":"https:\/\/www.europesays.com\/fr\/77714\/"},"modified":"2025-05-05T22:09:13","modified_gmt":"2025-05-05T22:09:13","slug":"pres-de-lyon-lintervention-des-pompiers-derape-la-police-arrive-en-renfort","status":"publish","type":"post","link":"https:\/\/www.europesays.com\/fr\/77714\/","title":{"rendered":"Pr\u00e8s de Lyon. L&rsquo;intervention des pompiers d\u00e9rape, la police arrive en renfort"},"content":{"rendered":"<p>            Par<br \/>\n        <strong><br \/>\n            <a href=\"https:\/\/actu.fr\/auteur\/anthony-soudani\" title=\"Consulter tous les articles de Anthony Soudani\" rel=\"nofollow noopener\" target=\"_blank\">Anthony Soudani<\/a><br \/>\n        <\/strong><\/p>\n<p>        Publi\u00e9 le<\/p>\n<p>            5 mai 2025 \u00e0 18h22        <\/p>\n<p><strong>INFO ACTU LYON.<\/strong> Une intervention des <a href=\"https:\/\/actu.fr\/auvergne-rhone-alpes\/l-arbresle_69010\/pres-de-lyon-un-incendie-detruit-entierement-une-maison-des-pompiers-en-colere_62477123.html\" rel=\"nofollow noopener\" target=\"_blank\">sapeurs-pompiers du Rh\u00f4ne<\/a> a mal tourn\u00e9 dimanche 4 mai, \u00e0 D\u00e9cines-Charpieu, dans la m\u00e9tropole de <a href=\"https:\/\/actu.fr\/lyon\/\" rel=\"nofollow noopener\" target=\"_blank\">Lyon<\/a>. <strong>Trois secouristes ont \u00e9t\u00e9 agress\u00e9s<\/strong> par une victime prise en charge \u00e0 21h40, avenue Jean-Jaur\u00e8s.<\/p>\n<p>    <a href=\"https:\/\/www.google.com\/maps\/embed?pb=!1m18!1m12!1m3!1d5897.043703407775!2d4.960523054217254!3d45.77050736152253!2m3!1f0!2f0!3f0!3m2!1i1024!2i768!4f13.1!3m3!1m2!1s0x47f4c0ccd607a233%3A0x12e2995bb5162bb1!2sAv.%20Jean%20Jaur%C3%A8s%2C%2069150%20D%C3%A9cines-Charpieu!5e0!3m2!1sfr!2sfr!4v1746460949496!5m2!1sfr!2sfr\" title=\"Ouvrie le lien\" rel=\"nofollow noopener\" target=\"_blank\">Cliquez ici pour visualiser le contenu<\/a><\/p>\n<p>Des coups et des crachats au visage<\/p>\n<p class=\" wall-content\">Selon nos informations, les sapeurs-pompiers ont \u00e9t\u00e9 appel\u00e9s pour venir en aide \u00e0 une personne en pleine crise \u00e9pileptique. C\u2019est une fois dans le v\u00e9hicule de secours et d\u2019assistance aux victimes que les choses ont d\u00e9g\u00e9n\u00e9r\u00e9.\u00a0<\/p>\n<p class=\" wall-content\">La victime a port\u00e9 des coups aux sapeurs-pompiers et leur a crach\u00e9 au visage. Le chef d\u2019agr\u00e8s a re\u00e7u de <strong>multiples coups<\/strong> \u00e0 la t\u00eate.<\/p>\n<p>Les pompiers veulent porter plainte<\/p>\n<p class=\" wall-content\">Apr\u00e8s un bilan avec le Samu, elle n\u2019a pas \u00e9t\u00e9 transport\u00e9e \u00e0 l\u2019h\u00f4pital. L\u2019\u00e9quipage a appel\u00e9 le centre op\u00e9rationnel d\u2019incendie et de secours une fois de retour \u00e0 la caserne pour informer son souhait de porter plainte.<\/p>\n<p class=\" wall-content\">La police \u00e9tait pr\u00e9sente. Les forces de l\u2019ordre ont accompagn\u00e9 les sapeurs-pompiers jusqu\u2019\u00e0 la fin de leur mission.<\/p>\n<p class=\" wall-content\">\u00c0 la suite de ces crachats au visage, les trois pompiers sont all\u00e9s consulter pour \u00e9viter un risque infectieux.<\/p>\n<p class=\" wall-content\">Suivez toute l\u2019actualit\u00e9 de vos villes et m\u00e9dias favoris en vous inscrivant \u00e0 <a href=\"https:\/\/moncompte.actu.fr\" title=\"D\u00e9couvez Mon Actu\" rel=\"nofollow noopener\" data-trk=\"{&quot;cta&quot;:{&quot;action&quot;:&quot;https:\\\/\\\/moncompte.actu.fr&quot;,&quot;category&quot;:&quot;mon compte&quot;,&quot;from&quot;:&quot;article footer&quot;,&quot;name&quot;:&quot;Mon actu&quot;,&quot;type&quot;:&quot;cta&quot;}}\" target=\"_blank\">Mon Actu<\/a>.<\/p>\n","protected":false},"excerpt":{"rendered":"Par Anthony Soudani Publi\u00e9 le 5 mai 2025 \u00e0 18h22 INFO ACTU LYON. Une intervention des sapeurs-pompiers du&hellip;\n","protected":false},"author":2,"featured_media":77715,"comment_status":"","ping_status":"","sticky":false,"template":"","format":"standard","meta":{"footnotes":""},"categories":[1889],"tags":[1111,11,2430,1777,674,118,1011,27,2428,12,1072,1311,25],"class_list":{"0":"post-77714","1":"post","2":"type-post","3":"status-publish","4":"format-standard","5":"has-post-thumbnail","7":"category-lyon","8":"tag-actu","9":"tag-actualites","10":"tag-auvergne-rhone-alpes","11":"tag-eu","12":"tag-europe","13":"tag-faits-divers","14":"tag-fr","15":"tag-france","16":"tag-lyon","17":"tag-news","18":"tag-police","19":"tag-pompiers","20":"tag-republique-francaise"},"share_on_mastodon":{"url":"https:\/\/pubeurope.com\/@fr\/114457514105476814","error":""},"_links":{"self":[{"href":"https:\/\/www.europesays.com\/fr\/wp-json\/wp\/v2\/posts\/77714","targetHints":{"allow":["GET"]}}],"collection":[{"href":"https:\/\/www.europesays.com\/fr\/wp-json\/wp\/v2\/posts"}],"about":[{"href":"https:\/\/www.europesays.com\/fr\/wp-json\/wp\/v2\/types\/post"}],"author":[{"embeddable":true,"href":"https:\/\/www.europesays.com\/fr\/wp-json\/wp\/v2\/users\/2"}],"replies":[{"embeddable":true,"href":"https:\/\/www.europesays.com\/fr\/wp-json\/wp\/v2\/comments?post=77714"}],"version-history":[{"count":0,"href":"https:\/\/www.europesays.com\/fr\/wp-json\/wp\/v2\/posts\/77714\/revisions"}],"wp:featuredmedia":[{"embeddable":true,"href":"https:\/\/www.europesays.com\/fr\/wp-json\/wp\/v2\/media\/77715"}],"wp:attachment":[{"href":"https:\/\/www.europesays.com\/fr\/wp-json\/wp\/v2\/media?parent=77714"}],"wp:term":[{"taxonomy":"category","embeddable":true,"href":"https:\/\/www.europesays.com\/fr\/wp-json\/wp\/v2\/categories?post=77714"},{"taxonomy":"post_tag","embeddable":true,"href":"https:\/\/www.europesays.com\/fr\/wp-json\/wp\/v2\/tags?post=77714"}],"curies":[{"name":"wp","href":"https:\/\/api.w.org\/{rel}","templated":true}]}}