{"id":77716,"date":"2025-05-05T22:10:15","date_gmt":"2025-05-05T22:10:15","guid":{"rendered":"https:\/\/www.europesays.com\/fr\/77716\/"},"modified":"2025-05-05T22:10:15","modified_gmt":"2025-05-05T22:10:15","slug":"universite-lyon-2-demission-du-vice-president-dans-la-tourmente-apres-des-propos-glorifiant-le-hezbollah","status":"publish","type":"post","link":"https:\/\/www.europesays.com\/fr\/77716\/","title":{"rendered":"Universit\u00e9 Lyon-2 : d\u00e9mission du vice-pr\u00e9sident, dans la tourmente apr\u00e8s des propos glorifiant le Hezbollah"},"content":{"rendered":"<p>                                            Soci\u00e9t\u00e9\n                                                                            <\/p>\n<p>\n                                            Willy Beauvallet-Haddad a \u00e9t\u00e9 contraint de d\u00e9missionner de ses fonctions ex\u00e9cutives au sein de l\u2019universit\u00e9 Lyon-2 apr\u00e8s que des tweets sur la situation \u00e0 Gaza ou sur le Hezbollah ont cr\u00e9\u00e9 la pol\u00e9mique.                                        <\/p>\n<p>                                                Publi\u00e9 le 5 mai 2025 \u00e0 22h58                                                                                            <\/p>\n<p>                                            <img loading=\"lazy\" width=\"1024\" height=\"683\" src=\"https:\/\/www.europesays.com\/fr\/wp-content\/uploads\/2025\/05\/SIPA_01001089_0000041.jpg\" class=\"attachment-post-thumbnail size-post-thumbnail wp-post-image lazy\" alt=\"L'universit\u00e9 Lyon-2 est au c\u0153ur de nombreuses pol\u00e9miques. PHOTO \u00a9 KONRAD K.\/SIPA\" decoding=\"async\"  data-\/><\/p>\n<p>                                            L&rsquo;universit\u00e9 Lyon-2 est au c\u0153ur de nombreuses pol\u00e9miques. PHOTO \u00a9 KONRAD K.\/SIPA<\/p>\n<p>L\u2019<a href=\"https:\/\/www.valeursactuelles.com\/clubvaleurs\/societe\/professeur-menace-a-lyon-2-comment-luniversite-est-devenue-la-proie-d-une-mouvance-islamo-wokiste\" target=\"_blank\" rel=\"noopener sponsored nofollow\">universit\u00e9 Lyon-2<\/a> est travers\u00e9e par de vives tensions. Pour tenter de les apaiser, Willy Beauvallet-Haddad a annonc\u00e9, ce lundi 5 mai, d\u00e9missionner de ses fonctions ex\u00e9cutives \u00e0 l\u2019universit\u00e9, \u00e0 savoir ses postes de vice-pr\u00e9sident en charge des personnels depuis 2018, des finances depuis 2021 ainsi que de vice-pr\u00e9sident du conseil d\u2019administration qu\u2019il occupe depuis le mois de f\u00e9vrier 2025. Il reste toutefois ma\u00eetre de conf\u00e9rences en science politique, note <a href=\"https:\/\/www.lepoint.fr\/societe\/crise-a-lyon-2-le-vice-president-de-l-universite-demissionne-05-05-2025-2588893_23.php\" target=\"_blank\" rel=\"nofollow noopener\">Le Point<\/a>.<\/p>\n<p><a href=\"https:\/\/www.valeursactuelles.com\/regions\/auvergne-rhone-alpes\/rhone\/lyon\/societe\/quelle-honte-scandaleux-les-propos-de-la-presidente-de-lyon-2-a-lencontre-du-professeur-agresse-provoquent-un-tolle\" class=\"h-flex h-align-items-center h-border-tb h-ptb-15\" rel=\"nofollow noopener\" target=\"_blank\">A\u00a0LIRE\u00a0\u00ab Quelle honte \u00bb, \u00ab scandaleux \u00bb\u2026 Les propos de la pr\u00e9sidente de Lyon-2 \u00e0 l\u2019encontre du professeur agress\u00e9 provoquent un toll\u00e9<\/a><\/p>\n<p>Avec cette d\u00e9mission, Willy Beauvallet-Haddad esp\u00e8re \u00ab faire baisser la pression tr\u00e8s forte qui p\u00e8se sur l\u2019institution et prot\u00e9ger les int\u00e9r\u00eats de celle-ci dans un contexte particuli\u00e8rement difficile qu\u2019elle traverse \u00bb, \u00e9crit-il dans un message adress\u00e9 \u00e0 ses coll\u00e8gues. Il pointe du doigt \u00ab un harc\u00e8lement \u00bb et une \u00ab campagne de d\u00e9nigrement public \u00bb apr\u00e8s \u00ab ses prises de positions personnelles relatives \u00e0 la situation en Palestine et au Liban \u00bb.<\/p>\n<p>Nasrallah \u00ab a rejoint le panth\u00e9on de nos c\u0153urs \u00bb, a \u00e9crit le ma\u00eetre de conf\u00e9rences<\/p>\n<p>Willy Beauvallet-Haddad \u00e9tait au c\u0153ur de la tourmente depuis plusieurs semaines apr\u00e8s la r\u00e9v\u00e9lation d\u2019une s\u00e9rie de messages publi\u00e9s sur les r\u00e9seaux sociaux. Dans un tweet, l\u2019universitaire a notamment rendu un hommage appuy\u00e9 \u00e0 <a href=\"https:\/\/www.valeursactuelles.com\/monde\/larmee-israelienne-confirme-avoir-elimine-le-chef-du-hezbollah-hassan-nasrallah-dans-une-frappe-a-beyrouth\" target=\"_blank\" rel=\"noopener sponsored nofollow\">Hassan Nasrallah<\/a>, chef du Hezbollah, mort dans une frappe isra\u00e9lienne en septembre 2024. Et, ce, malgr\u00e9 que le groupe soit consid\u00e9r\u00e9 par de nombreux pays comme une organisation terroriste. \u00ab Il est mort au milieu des siens pour la grande cause (palestinienne et arabe) et il a rejoint le panth\u00e9on de nos c\u0153urs et des grands personnages de l\u2019Histoire \u00bb, a-t-il \u00e9crit.<\/p>\n<\/p>\n<p>Sur le campus lyonnais, les tensions sont exacerb\u00e9es depuis l\u2019<a href=\"https:\/\/www.valeursactuelles.com\/regions\/auvergne-rhone-alpes\/rhone\/lyon\/societe\/universite-lyon-2-apres-avoir-ete-interrompu-en-plein-cours-par-lextreme-gauche-un-professeur-porte-plainte\" target=\"_blank\" rel=\"noopener sponsored nofollow\">intimidation subie par Fabrice Balanche<\/a>, le 1er avril dernier, qui d\u00e9non\u00e7ait notamment la mont\u00e9e de l\u2019emprise d\u2019un activisme religieux au sein de l\u2019universit\u00e9. Le professeur a \u00e9t\u00e9 contraint de quitter l\u2019un de ses cours apr\u00e8s l\u2019irruption violente d\u2019une dizaine de militants masqu\u00e9s.<\/p>\n","protected":false},"excerpt":{"rendered":"Soci\u00e9t\u00e9 Willy Beauvallet-Haddad a \u00e9t\u00e9 contraint de d\u00e9missionner de ses fonctions ex\u00e9cutives au sein de l\u2019universit\u00e9 Lyon-2 apr\u00e8s&hellip;\n","protected":false},"author":2,"featured_media":77717,"comment_status":"","ping_status":"","sticky":false,"template":"","format":"standard","meta":{"footnotes":""},"categories":[1889],"tags":[1111,11,2430,1777,674,1011,27,7295,2428,12,1062,25,5768],"class_list":{"0":"post-77716","1":"post","2":"type-post","3":"status-publish","4":"format-standard","5":"has-post-thumbnail","7":"category-lyon","8":"tag-actu","9":"tag-actualites","10":"tag-auvergne-rhone-alpes","11":"tag-eu","12":"tag-europe","13":"tag-fr","14":"tag-france","15":"tag-hezbollah","16":"tag-lyon","17":"tag-news","18":"tag-polemique","19":"tag-republique-francaise","20":"tag-universite"},"share_on_mastodon":{"url":"https:\/\/pubeurope.com\/@fr\/114457517974348715","error":""},"_links":{"self":[{"href":"https:\/\/www.europesays.com\/fr\/wp-json\/wp\/v2\/posts\/77716","targetHints":{"allow":["GET"]}}],"collection":[{"href":"https:\/\/www.europesays.com\/fr\/wp-json\/wp\/v2\/posts"}],"about":[{"href":"https:\/\/www.europesays.com\/fr\/wp-json\/wp\/v2\/types\/post"}],"author":[{"embeddable":true,"href":"https:\/\/www.europesays.com\/fr\/wp-json\/wp\/v2\/users\/2"}],"replies":[{"embeddable":true,"href":"https:\/\/www.europesays.com\/fr\/wp-json\/wp\/v2\/comments?post=77716"}],"version-history":[{"count":0,"href":"https:\/\/www.europesays.com\/fr\/wp-json\/wp\/v2\/posts\/77716\/revisions"}],"wp:featuredmedia":[{"embeddable":true,"href":"https:\/\/www.europesays.com\/fr\/wp-json\/wp\/v2\/media\/77717"}],"wp:attachment":[{"href":"https:\/\/www.europesays.com\/fr\/wp-json\/wp\/v2\/media?parent=77716"}],"wp:term":[{"taxonomy":"category","embeddable":true,"href":"https:\/\/www.europesays.com\/fr\/wp-json\/wp\/v2\/categories?post=77716"},{"taxonomy":"post_tag","embeddable":true,"href":"https:\/\/www.europesays.com\/fr\/wp-json\/wp\/v2\/tags?post=77716"}],"curies":[{"name":"wp","href":"https:\/\/api.w.org\/{rel}","templated":true}]}}