{"id":77742,"date":"2025-05-05T22:23:14","date_gmt":"2025-05-05T22:23:14","guid":{"rendered":"https:\/\/www.europesays.com\/fr\/77742\/"},"modified":"2025-05-05T22:23:14","modified_gmt":"2025-05-05T22:23:14","slug":"droits-de-douane-lue-suggere-une-offre-de-50-milliards-deuros-a-washington-ft","status":"publish","type":"post","link":"https:\/\/www.europesays.com\/fr\/77742\/","title":{"rendered":"Droits de douane : l\u2019UE sugg\u00e8re une offre de 50 milliards d\u2019euros \u00e0 Washington (FT)"},"content":{"rendered":"<p><strong>L\u2019UE est en pleines n\u00e9gociations avec l\u2019administration am\u00e9ricaine pour obtenir la lev\u00e9e de droits de douane impos\u00e9s par Donald Trump.<\/strong><\/p>\n<p>L\u2019Union europ\u00e9enne envisage d\u2019augmenter de 50 milliards d\u2019euros ses achats de produits am\u00e9ricains, afin de r\u00e9soudre le \u00abprobl\u00e8me\u00bb de ses relations commerciales avec Washington, explique le commissaire europ\u00e9en en charge du Commerce, Maros Sefcovic, dans un entretien avec le Financial Times.<\/p>\n<p>\u00abSi nous consid\u00e9rons que le d\u00e9ficit s\u2019\u00e9l\u00e8ve \u00e0 50 milliards d\u2019euros, je pense que nous pouvons vraiment (\u2026) r\u00e9soudre ce probl\u00e8me tr\u00e8s rapidement gr\u00e2ce aux achats de GNL (gaz naturel), ou certains produits agricoles comme le soja\u00bb, d\u00e9clare Sefocvic, dans cet entretien mis en ligne jeudi.<\/p>\n<p>L\u2019UE est en pleines n\u00e9gociations avec l\u2019administration am\u00e9ricaine pour obtenir la lev\u00e9e de droits de douane impos\u00e9s par Donald Trump. Des surtaxes am\u00e9ricaines de 25% sur les automobiles, l\u2019aluminium et l\u2019acier sont d\u00e9j\u00e0 entr\u00e9es en vigueur ainsi qu\u2019une surtaxe douani\u00e8re de 10% sur l\u2019ensemble des autres produits.<\/p>\n<p>Donald Trump accuse l\u2019Europe d\u2019entretenir un \u00e9norme d\u00e9ficit commercial avec les \u00c9tats-Unis, qu\u2019il \u00e9value \u00e0 plusieurs centaines de milliards de dollars. Mais selon l\u2019UE, ce d\u00e9ficit est en fait limit\u00e9 \u00e0 50 milliards d\u2019euros, si l\u2019on prend en compte les services.<\/p>\n<p>Interrog\u00e9 sur le fait de savoir s\u2019il accepterait un pr\u00e9l\u00e8vement de 10% comme plancher dans les n\u00e9gociations commerciales, Sefcovic a assur\u00e9 que l\u2019UE consid\u00e9rait cela comme un \u00abniveau tr\u00e8s \u00e9lev\u00e9\u00bb, sugg\u00e9rant que l\u2019UE ne se contenterait pas d\u2019un accord qui maintiendrait les droits de douane \u00e0 ce niveau. Il sera \u00abtr\u00e8s difficile\u00bb de parvenir \u00e0 un accord qui soit \u00abclairement bon et acceptable pour nos \u00c9tats membres et notre Parlement europ\u00e9en\u00bb, avertit encore Sefcovic.<\/p>\n<p>Les n\u00e9gociations commerciales sont de la comp\u00e9tence de la Commission europ\u00e9enne. Une fois un accord conclu, celui-ci doit encore \u00eatre approuv\u00e9 par les 27 \u00c9tats membres et ratifi\u00e9 par le Parlement europ\u00e9en.<\/p>\n<p>Sami Nemli avec agences \/ Les Inspirations \u00c9CO<\/p>\n","protected":false},"excerpt":{"rendered":"L\u2019UE est en pleines n\u00e9gociations avec l\u2019administration am\u00e9ricaine pour obtenir la lev\u00e9e de droits de douane impos\u00e9s par&hellip;\n","protected":false},"author":2,"featured_media":77743,"comment_status":"","ping_status":"","sticky":false,"template":"","format":"standard","meta":{"footnotes":""},"categories":[1586],"tags":[11,75,2388,73,1777,674,1779,1011,27,18317,12,25,1778,364,2744],"class_list":{"0":"post-77742","1":"post","2":"type-post","3":"status-publish","4":"format-standard","5":"has-post-thumbnail","7":"category-europe","8":"tag-actualites","9":"tag-donald-trump","10":"tag-droits-de-douane","11":"tag-etats-unis","12":"tag-eu","13":"tag-europe","14":"tag-european-union","15":"tag-fr","16":"tag-france","17":"tag-gnl","18":"tag-news","19":"tag-republique-francaise","20":"tag-ue","21":"tag-union-europeenne","22":"tag-washington"},"share_on_mastodon":{"url":"https:\/\/pubeurope.com\/@fr\/114457569115367042","error":""},"_links":{"self":[{"href":"https:\/\/www.europesays.com\/fr\/wp-json\/wp\/v2\/posts\/77742","targetHints":{"allow":["GET"]}}],"collection":[{"href":"https:\/\/www.europesays.com\/fr\/wp-json\/wp\/v2\/posts"}],"about":[{"href":"https:\/\/www.europesays.com\/fr\/wp-json\/wp\/v2\/types\/post"}],"author":[{"embeddable":true,"href":"https:\/\/www.europesays.com\/fr\/wp-json\/wp\/v2\/users\/2"}],"replies":[{"embeddable":true,"href":"https:\/\/www.europesays.com\/fr\/wp-json\/wp\/v2\/comments?post=77742"}],"version-history":[{"count":0,"href":"https:\/\/www.europesays.com\/fr\/wp-json\/wp\/v2\/posts\/77742\/revisions"}],"wp:featuredmedia":[{"embeddable":true,"href":"https:\/\/www.europesays.com\/fr\/wp-json\/wp\/v2\/media\/77743"}],"wp:attachment":[{"href":"https:\/\/www.europesays.com\/fr\/wp-json\/wp\/v2\/media?parent=77742"}],"wp:term":[{"taxonomy":"category","embeddable":true,"href":"https:\/\/www.europesays.com\/fr\/wp-json\/wp\/v2\/categories?post=77742"},{"taxonomy":"post_tag","embeddable":true,"href":"https:\/\/www.europesays.com\/fr\/wp-json\/wp\/v2\/tags?post=77742"}],"curies":[{"name":"wp","href":"https:\/\/api.w.org\/{rel}","templated":true}]}}