{"id":77747,"date":"2025-05-05T22:26:09","date_gmt":"2025-05-05T22:26:09","guid":{"rendered":"https:\/\/www.europesays.com\/fr\/77747\/"},"modified":"2025-05-05T22:26:09","modified_gmt":"2025-05-05T22:26:09","slug":"les-discriminations-raciales-dans-le-parcours-des-soins-en-france","status":"publish","type":"post","link":"https:\/\/www.europesays.com\/fr\/77747\/","title":{"rendered":"Les discriminations raciales dans le parcours des soins en France"},"content":{"rendered":"<p>\n                                                Les discriminations envers les personnes racis\u00e9es dans le domaine m\u00e9dical existent en France. D\u00e9lais d\u2019attente plus longs, sous-estimation de la douleur chez certains patients, st\u00e9r\u00e9otypes culturels plaqu\u00e9s sur les sympt\u00f4mes. Pas facile lorsqu&rsquo;on est racis\u00e9 d\u2019\u00eatre toujours entendu. Plusieurs affaires, dont certaines tr\u00e8s m\u00e9diatis\u00e9es, ont mis au grand jour ces diff\u00e9rences de traitement. Dans un univers m\u00e9dical qui pr\u00f4ne l\u2019\u00e9galit\u00e9 d\u2019acc\u00e8s aux soins entre tous les patients, la question des discriminations reste un sujet tr\u00e8s sensible.                    <\/p>\n<p>\u00ab\u00a0Quand j&rsquo;\u00e9tais en salle d&rsquo;accouchement, la sage-femme est venue me trouver et elle m&rsquo;a dit\u00a0: \u00ab\u00a0Madame, surtout ne vous inqui\u00e9tez pas si vous entendez hurler dans les salles d&rsquo;\u00e0 c\u00f4t\u00e9 parce que, ce sont des personnes d&rsquo;origines \u00e9trang\u00e8res et que dans leur culture, en fait, elles ont besoin de s&rsquo;exprimer. Mais ce n&rsquo;est pas qu&rsquo;elles ont mal\u00a0\u00bb.\u00a0\u00bb\u00a0Sonia Bisch, \u00e0 la t\u00eate de Stop Vog, milite contre les violences obst\u00e9tricales et gyn\u00e9cologiques. L&rsquo;exemple qu&rsquo;elle nous donne n&rsquo;est pas un cas isol\u00e9 des discriminations.<\/p>\n<p>\u00c9lodie, originaire de l&rsquo;\u00eele Maurice, en a subi d\u00e8s son plus jeune \u00e2ge\u00a0: \u00ab\u00a0J&rsquo;ai d\u00e9j\u00e0 eu des remarques comme \u00e7a de m\u00e9decin quand j&rsquo;\u00e9tais enfant, on ne s\u2019adressait m\u00eame pas \u00e0 moi pour me demander o\u00f9 est-ce que j&rsquo;avais mal. Parce qu&rsquo;ils consid\u00e9raient que je ne parlais pas fran\u00e7ais, parce que j&rsquo;\u00e9tais fonc\u00e9e.\u00a0\u00bb \u00c9lodie laisse \u00e9chapper un rire nerveux. Elle garde un souvenir douloureux de ses trois grossesses. Elle n&rsquo;a oubli\u00e9 aucun d\u00e9tail\u00a0: \u00ab \u00ab\u00a0Oh, mais vous n\u2019\u00eates pas arriv\u00e9e \u00e0 terme\u00a0\u00bb,\u00a0me dit la sage ferme alors que j&rsquo;ai vraiment mal. Mon ventre se contracte et ce n\u2019est pas normal. On me dit revenir le lendemain matin, puis le surlendemain, alors que je n&rsquo;arrivais plus \u00e0 marcher. Ce n&rsquo;est qu&rsquo;au bout de la troisi\u00e8me fois que l&rsquo;on prend en consid\u00e9ration ma demande\u2026 J&rsquo;avais des contractions \u00e0 tout va, en fait, et mon travail avait d\u00e9j\u00e0 commenc\u00e9 depuis au moins un jour. \u00bb\u00a0Ce calvaire, \u00c9lodie va encore le vivre pour ses deux autres grossesses<\/p>\n<p>Les professionnels racis\u00e9s ne sont pas \u00e9pargn\u00e9s<\/p>\n<p><strong><a target=\"_self\" href=\"https:\/\/www.rfi.fr\/fr\/tag\/racisme\/\" rel=\"noopener\">Ces a-priori racistes<\/a><\/strong>, le professeur Xavier Bobia, cheffe des urgences du CHU de Montpellier, les conna\u00eet bien. Avec son \u00e9quipe, il a r\u00e9alis\u00e9 une \u00e9tude sur les diff\u00e9rences de prise en charge li\u00e9es au sexe et \u00e0 l&rsquo;origine ethnique des patients, en s&rsquo;appuyant sur l&rsquo;intelligence artificielle. Les images des patients \u00e9taient construites \u00e0 partir d&rsquo;un logiciel\u00a0: \u00ab\u00a0Les soignants qui ont des images d&rsquo;hommes \u00e9valuent la gravit\u00e9 du cas clinique plus grave que ceux qui ont des images de femmes. Et les soignants qui ont des images de personnes d&rsquo;apparence noire \u00e9valuent la gravit\u00e9 moins importante que les autres apparences blanches, asiatiques et maghr\u00e9bins.\u00a0\u00bb<\/p>\n<p>Les professionnels de sant\u00e9 racis\u00e9s ne sont pas \u00e9pargn\u00e9s par ces pr\u00e9jug\u00e9s.\u00a0\u00ab\u00a0On est en l&rsquo;an 2000. Je suis accueillie dans un stage o\u00f9 on me dit\u00a0: \u00ab\u00a0Ah ben, on ne t\u2019a pas dit, mais nous, on n&rsquo;aime pas les Noirs\u00a0\u00bb, se souvient Amina Yamgnane, gyn\u00e9cologue-obst\u00e9tricienne et ancienne cheffe de service \u00e0 l&rsquo;h\u00f4pital am\u00e9ricain de Neuilly-sur-Seine. C&rsquo;est quelque chose que vous ne pouvez pas faire semblant d&rsquo;oublier ce qui a \u00e9t\u00e9 ma strat\u00e9gie, \u00e7a a \u00e9t\u00e9 l&rsquo;excellence. Et en effet, j&rsquo;acquiers des comp\u00e9tences. Les professionnels me font confiance. J&rsquo;ai cr\u00e9\u00e9 une clinique, j&rsquo;ai \u00e9t\u00e9 cheffe de service ici \u00e0 l&rsquo;h\u00f4pital am\u00e9ricain pendant six ans et je suis le seul m\u00e9decin afro-descendants de tout l&rsquo;\u00e9tablissement en France.\u00a0\u00bb<\/p>\n<p>On le voit bien, parler des discriminations ethno-raciales dans le secteur m\u00e9dical reste encore un sujet tabou.<\/p>\n<p class=\"a-read-more\">\u00c0 \u00e9couter aussi<a target=\"_self\" href=\"https:\/\/www.rfi.fr\/fr\/podcasts\/priorit\u00e9-sant\u00e9\/20250212-lutte-contre-les-pr\u00e9jug\u00e9s-raciaux-en-m\u00e9decine\" class=\"a-read-more__link\" rel=\"noopener\">Lutte contre les pr\u00e9jug\u00e9s raciaux en m\u00e9decine<\/a><\/p>\n","protected":false},"excerpt":{"rendered":"Les discriminations envers les personnes racis\u00e9es dans le domaine m\u00e9dical existent en France. D\u00e9lais d\u2019attente plus longs, sous-estimation&hellip;\n","protected":false},"author":2,"featured_media":77748,"comment_status":"","ping_status":"","sticky":false,"template":"","format":"standard","meta":{"footnotes":""},"categories":[4],"tags":[11,1011,27,12,10162,5920,25,2362],"class_list":{"0":"post-77747","1":"post","2":"type-post","3":"status-publish","4":"format-standard","5":"has-post-thumbnail","7":"category-france","8":"tag-actualites","9":"tag-fr","10":"tag-france","11":"tag-news","12":"tag-racisme","13":"tag-reportage-france","14":"tag-republique-francaise","15":"tag-sante-et-medecine"},"share_on_mastodon":{"url":"https:\/\/pubeurope.com\/@fr\/114457580975273006","error":""},"_links":{"self":[{"href":"https:\/\/www.europesays.com\/fr\/wp-json\/wp\/v2\/posts\/77747","targetHints":{"allow":["GET"]}}],"collection":[{"href":"https:\/\/www.europesays.com\/fr\/wp-json\/wp\/v2\/posts"}],"about":[{"href":"https:\/\/www.europesays.com\/fr\/wp-json\/wp\/v2\/types\/post"}],"author":[{"embeddable":true,"href":"https:\/\/www.europesays.com\/fr\/wp-json\/wp\/v2\/users\/2"}],"replies":[{"embeddable":true,"href":"https:\/\/www.europesays.com\/fr\/wp-json\/wp\/v2\/comments?post=77747"}],"version-history":[{"count":0,"href":"https:\/\/www.europesays.com\/fr\/wp-json\/wp\/v2\/posts\/77747\/revisions"}],"wp:featuredmedia":[{"embeddable":true,"href":"https:\/\/www.europesays.com\/fr\/wp-json\/wp\/v2\/media\/77748"}],"wp:attachment":[{"href":"https:\/\/www.europesays.com\/fr\/wp-json\/wp\/v2\/media?parent=77747"}],"wp:term":[{"taxonomy":"category","embeddable":true,"href":"https:\/\/www.europesays.com\/fr\/wp-json\/wp\/v2\/categories?post=77747"},{"taxonomy":"post_tag","embeddable":true,"href":"https:\/\/www.europesays.com\/fr\/wp-json\/wp\/v2\/tags?post=77747"}],"curies":[{"name":"wp","href":"https:\/\/api.w.org\/{rel}","templated":true}]}}