{"id":77760,"date":"2025-05-05T22:34:08","date_gmt":"2025-05-05T22:34:08","guid":{"rendered":"https:\/\/www.europesays.com\/fr\/77760\/"},"modified":"2025-05-05T22:34:08","modified_gmt":"2025-05-05T22:34:08","slug":"romain-combaud-rien-que-pour-ca-jai-envie-de-continuer-actualite","status":"publish","type":"post","link":"https:\/\/www.europesays.com\/fr\/77760\/","title":{"rendered":"Romain Combaud : \u00ab Rien que pour \u00e7a, j&rsquo;ai envie de continuer \u00bb &#8211; Actualit\u00e9"},"content":{"rendered":"<p style=\"text-align: justify;\"><strong>Professionnel depuis dix ans, Romain Combaud affiche toujours un grand sourire au d\u00e9part des courses. C\u2019\u00e9tait encore le cas la semaine pass\u00e9e sur le Tour de Romandie, qui marquait la fin d\u2019un gros bloc d\u00e9but\u00e9 \u00e0 Milan-San Remo. Fid\u00e8le \u00e9quipier au sein du Team Picnic-PostNL, o\u00f9 il est arriv\u00e9 en 2021, le coureur de 34 ans, qui arrive en fin de contrat avec la WorldTeam n\u00e9erlandaise, esp\u00e8re bien continuer l\u2019aventure au moins une saison suppl\u00e9mentaire. \u00c0 l\u2019occasion du Tour de Romandie, DirectVelo a fait le point avec l\u2019Auvergnat.<\/strong><\/p>\n<p><strong>DirectVelo : Comment juges-tu ta saison pour le moment ?<\/strong><br \/>Romain Combaud : C\u2019est plut\u00f4t pas mal. Je suis assez content de mon r\u00f4le. Le Tour de Romandie, c\u2019\u00e9tait une fin de bloc. Depuis Milan-San Remo, je suis tr\u00e8s peu \u00e0 la maison. J\u2019ai encha\u00een\u00e9 avec le Catalogne, Indurain, le Pays Basque, les trois Ardennaises et le Romandie. \u00c7a commen\u00e7ait \u00e0 faire beaucoup. Je vais avoir un bon break apr\u00e8s le Romandie pour repartir sur la seconde\u00a0partie de saison. Je reprendrai sur le Dauphin\u00e9, \u00e7a c&rsquo;est s\u00fbr, et apr\u00e8s je sais que je vais faire la nouvelle course \u00e0 Copenhague, mi-juin, puis certainement le Championnat de France, m\u00eame si je n\u2019ai pas encore pris ma d\u00e9cision. Pour le reste, je ne sais pas encore. J\u2019aurai un entretien avec mon directeur sportif d\u00e9but juin.<\/p>\n<p><strong>\u00ab AUTANT SE METTRE DANS UNE FONCTION O\u00d9 ON PEUT AIDER ET APPORTER \u00bb<\/strong><\/p>\n<p><strong>Le Tour de France pourrait \u00eatre \u00e0 ton programme ?<\/strong><br \/>Ce n&rsquo;est pas dans les plans, mais on sait comment \u00e7a se passe, il peut toujours y avoir des bless\u00e9s. L&rsquo;\u00e9quipe tournait avec tr\u00e8s peu de coureurs ces derni\u00e8res semaines, c&rsquo;est pour \u00e7a que j&rsquo;ai fait pas mal de courses d\u2019ailleurs. Ce n\u2019est pas pr\u00e9vu que je sois au Tour mais il faut rester concentr\u00e9 sur cette possibilit\u00e9. M\u00eame si l\u00e0 je pense plus \u00e0 ma coupure actuelle\u2026<\/p>\n<p><strong>Tu parlais de ton r\u00f4le. Apr\u00e8s cinq ann\u00e9es dans l\u2019\u00e9quipe, quel est-il aujourd\u2019hui ?<\/strong><br \/>Les jeunes arrivent avec de plus en plus d&rsquo;exp\u00e9rience, avec les oreillettes c&rsquo;est \u00e9galement beaucoup plus facile. Moi, je suis l\u00e0 pour coacher pendant la course. Sur la premi\u00e8re \u00e9tape du Tour de Romandie, j&rsquo;ai pris la responsabilit\u00e9 d&rsquo;aller contr\u00f4ler le peloton comme nous avions Pavel (Bittner) dans l\u2019\u00e9quipe, c&rsquo;est quelque chose que j&rsquo;aime bien faire. \u00c0 un moment donn\u00e9, il a fallu l\u2019attendre. J\u2019\u00e9tais l\u00e0 pour coacher les gars pour rentrer sans s&rsquo;affoler. Au Tour de Romandie, notre leader \u00e9tait Oscar Onley. C&rsquo;est un coureur que j&rsquo;appr\u00e9cie, je donne le meilleur pour lui.<\/p>\n<p><strong>Pendant longtemps, on a eu l\u2019impression que les Fran\u00e7ais avaient du mal \u00e0 accepter d\u2019\u00eatre des \u00e9quipiers, c\u2019\u00e9tait plus ancr\u00e9 \u00e0 l\u2019\u00e9tranger\u2026<\/strong><br \/>Je pense que la mentalit\u00e9 est en train de changer dans les \u00e9quipes fran\u00e7aises. On ne peut pas \u00eatre tous des leaders, moi le premier j&rsquo;ai failli gagner des courses quand j&rsquo;\u00e9tais \u00e0 Marseille, maintenant \u00e7a roule de plus en plus vite, les courses sont pr\u00e9-\u00e9tablies, il y a des sprinteurs, il y a des purs grimpeurs pour gagner des \u00e9tapes vraiment dures. Je suis dans un r\u00f4le un peu interm\u00e9diaire, j&rsquo;ai envie de dire un peu \u00ab b\u00e2tard \u00bb, donc autant se mettre dans une fonction o\u00f9 on peut aider et apporter \u00e0 l&rsquo;\u00e9quipe. C&rsquo;est ce qui me pla\u00eet et ce qui me motive.<\/p>\n<p><strong>\u00ab FINIR SUR UNE BONNE NOTE \u00bb<\/strong><\/p>\n<p><strong>Est-ce que tu as parfois ta carte pour aller dans une \u00e9chapp\u00e9e ?<\/strong><br \/>Oui, c\u2019\u00e9tait le cas sur l\u2019Amstel mais malheureusement, j\u2019ai loup\u00e9 le coup. Disons que sur 60-70 jours de course, je vais avoir deux ou trois opportunit\u00e9s. \u00c7a reste tr\u00e8s peu si on compare au moment o\u00f9 je courais \u00e0 Marseille. Mais honn\u00eatement, c\u2019est aussi de plus en plus difficile d&rsquo;esp\u00e9rer quelque chose en \u00e9tant dans une \u00e9chapp\u00e9e. Maintenant, les grosses \u00e9quipes contr\u00f4lent en laissant peu de libert\u00e9s. Au maximum, c&rsquo;est quatre minutes d\u2019avance. Il y a donc de moins en moins de chance qu\u2019une \u00e9chapp\u00e9e joue la victoire.<\/p>\n<p><strong>Tu prends toujours autant de plaisir au fil des ann\u00e9es ?<\/strong><br \/>\u00c7a d\u00e9pend des courses, mais oui j&rsquo;arrive encore \u00e0 trouver du plaisir. C&rsquo;est aussi pour \u00e7a que je suis encore l\u00e0. \u00c0 mon \u00e2ge, s\u2019il n\u2019y avait plus de plaisir, m\u00eame s\u2019il y a des jours o\u00f9 c&rsquo;est plus dur que d&rsquo;autres sur le v\u00e9lo\u2026 C\u2019est toujours agr\u00e9able d&rsquo;aller s&rsquo;entra\u00eener quand je suis \u00e0 la maison et de courir. Tant que la motivation est l\u00e0, j&rsquo;ai envie de continuer. Je suis papa depuis cinq mois, la vie change un peu \u00e0 la maison, alors le mot cl\u00e9 c&rsquo;est la motivation et je l&rsquo;ai encore, donc c&rsquo;est bon signe.<\/p>\n<p><strong>Tu es en fin de contrat justement, comment vois-tu ton avenir ?<\/strong><br \/>Sinc\u00e8rement, j&rsquo;esp\u00e8re refaire au moins un an. Comme je l&rsquo;ai dit, j&rsquo;ai toujours la motivation. En 2026, ce sera l&rsquo;une des derni\u00e8res ann\u00e9es. Il ne faut jamais dire jamais, mais j&rsquo;ai envie de finir sur une bonne note, en gardant un bon souvenir de ma carri\u00e8re. Je veux continuer d\u2019\u00eatre dans un r\u00f4le dans lequel je m&rsquo;investis jusqu&rsquo;au bout de ma carri\u00e8re.<\/p>\n<p><strong>\u00ab \u00c7A NE ME VEXE PAS \u00bb<\/strong><\/p>\n<p><strong>Romain Bardet a choisi d\u2019arr\u00eater en juin prochain. As-tu imagin\u00e9 arr\u00eater la m\u00eame saison que lui ?<\/strong><br \/>On me pose souvent la question, et c\u2019est ce qui me motive encore plus. Beaucoup de gens m&rsquo;associent \u00e0 lui, mais on a vraiment deux r\u00f4les diff\u00e9rents. Lui est arriv\u00e9 pour \u00eatre leader, gagner des courses et \u00eatre performant. Moi, je suis arriv\u00e9 dans cette \u00e9quipe pour coacher les jeunes. Rien que pour \u00e7a, j&rsquo;ai envie de continuer une ann\u00e9e. Je veux montrer que je ne suis pas juste associ\u00e9 \u00e0 Romain. On est tr\u00e8s amis dans la vie, je suis tr\u00e8s content de courir avec lui, je vais \u00eatre sur sa derni\u00e8re course, le Dauphin\u00e9, et c&rsquo;est un honneur pour moi. Mais j&rsquo;ai encore l&rsquo;envie de continuer.<\/p>\n<p><strong>\u00c7a t&rsquo;agace d\u2019\u00eatre souvent associ\u00e9 \u00e0 Romain ?<\/strong><br \/>Il y a des gens un peu \u00ab\u00a0bruts\u00a0\u00bb, mais \u00e7a ne me vexe pas. Je ne suis pas quelqu&rsquo;un qu&rsquo;on vexe facilement (sourire). Certes sa pr\u00e9sence a aid\u00e9 pour que j&rsquo;arrive dans l&rsquo;\u00e9quipe, mais d\u00e8s la premi\u00e8re ann\u00e9e ils nous ont bien dissoci\u00e9s l&rsquo;un de l&rsquo;autre. \u00c7a se passe super bien avec l\u2019\u00e9quipe, sinon ils ne m&rsquo;auraient pas gard\u00e9 depuis tout ce temps. Mon r\u00f4le dans l&rsquo;\u00e9quipe me pla\u00eet, j&rsquo;aime bien la fa\u00e7on dont l&rsquo;\u00e9quipe est manag\u00e9e. C&rsquo;est ce qui me donne encore la motivation.<\/p>\n<p><strong>As-tu d\u00e9j\u00e0 parl\u00e9 de ton avenir avec l\u2019\u00e9quipe ?<\/strong><br \/>Il n\u2019y a pas encore eu de discussion. Je vais avoir ces prochains jours une p\u00e9riode un peu off. Je vais pouvoir en profiter pour discuter avec mon agent. Dans tous les cas, je finirai dans cette \u00e9quipe. \u00c0 34 ans, dans le cyclisme actuel, pour retrouver une autre \u00e9quipe, ce serait tr\u00e8s dur.<\/p>\n","protected":false},"excerpt":{"rendered":"Professionnel depuis dix ans, Romain Combaud affiche toujours un grand sourire au d\u00e9part des courses. C\u2019\u00e9tait encore le&hellip;\n","protected":false},"author":2,"featured_media":77761,"comment_status":"","ping_status":"","sticky":false,"template":"","format":"standard","meta":{"footnotes":""},"categories":[1411],"tags":[834,828,836,829,837,827,83,826,824,823,1154,207,814,817,815,816,822,821,832,211,839,1011,27,820,818,819,835,831,830,833,838,60,212,208,825],"class_list":{"0":"post-77760","1":"post","2":"type-post","3":"status-publish","4":"format-standard","5":"has-post-thumbnail","7":"category-cyclisme","8":"tag-attaque","9":"tag-belgique","10":"tag-braquet","11":"tag-bretagne","12":"tag-chute","13":"tag-competition","14":"tag-coupe-de-france","15":"tag-coureur","16":"tag-course-cyclisme","17":"tag-course-cycliste","18":"tag-cycling","19":"tag-cyclisme","20":"tag-direct","21":"tag-direct-velo","22":"tag-directvelo","23":"tag-directvelo-com","24":"tag-epreuve","25":"tag-epreuve-cycliste","26":"tag-federation-francaise-de-cyclisme","27":"tag-ffc","28":"tag-flandres","29":"tag-fr","30":"tag-france","31":"tag-live","32":"tag-live-course","33":"tag-live-epreuve","34":"tag-peloton","35":"tag-radio-peloton","36":"tag-radio-tour","37":"tag-ravitaillement","38":"tag-relance","39":"tag-sports","40":"tag-uci","41":"tag-velo","42":"tag-velos"},"share_on_mastodon":{"url":"https:\/\/pubeurope.com\/@fr\/114457612646114469","error":""},"_links":{"self":[{"href":"https:\/\/www.europesays.com\/fr\/wp-json\/wp\/v2\/posts\/77760","targetHints":{"allow":["GET"]}}],"collection":[{"href":"https:\/\/www.europesays.com\/fr\/wp-json\/wp\/v2\/posts"}],"about":[{"href":"https:\/\/www.europesays.com\/fr\/wp-json\/wp\/v2\/types\/post"}],"author":[{"embeddable":true,"href":"https:\/\/www.europesays.com\/fr\/wp-json\/wp\/v2\/users\/2"}],"replies":[{"embeddable":true,"href":"https:\/\/www.europesays.com\/fr\/wp-json\/wp\/v2\/comments?post=77760"}],"version-history":[{"count":0,"href":"https:\/\/www.europesays.com\/fr\/wp-json\/wp\/v2\/posts\/77760\/revisions"}],"wp:featuredmedia":[{"embeddable":true,"href":"https:\/\/www.europesays.com\/fr\/wp-json\/wp\/v2\/media\/77761"}],"wp:attachment":[{"href":"https:\/\/www.europesays.com\/fr\/wp-json\/wp\/v2\/media?parent=77760"}],"wp:term":[{"taxonomy":"category","embeddable":true,"href":"https:\/\/www.europesays.com\/fr\/wp-json\/wp\/v2\/categories?post=77760"},{"taxonomy":"post_tag","embeddable":true,"href":"https:\/\/www.europesays.com\/fr\/wp-json\/wp\/v2\/tags?post=77760"}],"curies":[{"name":"wp","href":"https:\/\/api.w.org\/{rel}","templated":true}]}}