{"id":77766,"date":"2025-05-05T22:38:09","date_gmt":"2025-05-05T22:38:09","guid":{"rendered":"https:\/\/www.europesays.com\/fr\/77766\/"},"modified":"2025-05-05T22:38:09","modified_gmt":"2025-05-05T22:38:09","slug":"guinee-le-secteur-de-ledition-attend-un-soutien-des-autorites","status":"publish","type":"post","link":"https:\/\/www.europesays.com\/fr\/77766\/","title":{"rendered":"Guin\u00e9e: le secteur de l&rsquo;\u00e9dition attend un soutien des autorit\u00e9s"},"content":{"rendered":"<p>\n                                                En Guin\u00e9e, le secteur de l\u2019\u00e9dition reste fragile. Le pays compte une quinzaine de maisons d\u2019\u00e9dition mais en r\u00e9alit\u00e9, peu d\u2019entre elles publient de mani\u00e8re r\u00e9guli\u00e8re. La faiblesse du lectorat et le contexte \u00e9conomique constitue des freins. Les co\u00fbts de fabrication sont \u00e9lev\u00e9s et le livre neuf trop cher pour une grande partie des Guin\u00e9ens. Les \u00e9diteurs r\u00e9clament une politique publique plus volontariste pour le d\u00e9veloppement du secteur.                    <\/p>\n<p>Entre deux stands des \u00ab 72\u00a0heures du livre \u00bb, le\u00a0<strong><a href=\"https:\/\/www.rfi.fr\/fr\/afrique\/20230427-guin\u00e9e-fin-d-une-\u00e9dition-2023-du-salon-72-heures-du-livre-ayant-explor\u00e9-le-th\u00e8me-de-l-esclavage\" target=\"_self\" rel=\"noopener\">salon litt\u00e9raire annuel de Conakry<\/a><\/strong>, Ousmane Soumar\u00e9 d\u00e9crit une fragile \u00e9conomie du livre. \u00ab\u00a0Pour avoir une viabilit\u00e9 \u00e9conomique, nous faisons de l\u2019impression \u00e0 la demande afin de ne pas investir trop d\u2019argent dans un ouvrage qui ne va pas s\u2019acheter, explique le directeur de la jeune maison d\u2019\u00e9dition Plumes inspir\u00e9es. Et nous faisons de l\u2019\u00e9dition \u00e0 compte d\u2019auteur, o\u00f9 une certaine quantit\u00e9 d\u2019ouvrages sont achet\u00e9s par l\u2019auteur \u00e0 l\u2019avance et nous lui faisons une remise sur ces ouvrages, ce qui permet aux deux parties de s\u2019en sortir financi\u00e8rement.\u00a0\u00bb<\/p>\n<p>Ratifier les accords internationaux<\/p>\n<p>Aliou Sow dirige Ganndal, une maison d\u2019\u00e9dition de livres jeunesse, une des mieux install\u00e9es dans le paysage \u00e9ditorial guin\u00e9en. \u00c9galement pr\u00e9sident de l\u2019Association des \u00e9diteurs de <strong><a href=\"https:\/\/www.rfi.fr\/fr\/tag\/guin\u00e9e\/\" target=\"_self\" rel=\"noopener\">Guin\u00e9e<\/a><\/strong>, il r\u00e9clame la ratification de l\u2019Accord de Florence (1950) et du Protocole de Nairobi (1976), pour favoriser la libre circulation des biens culturels et faire baisser le co\u00fbt de l\u2019encre ou du papier.<\/p>\n<p>\u00ab\u00a0Faciliter l\u2019entr\u00e9e des livres \u00e0 l\u2019importation et \u00e0 l\u2019exportation et faciliter la d\u00e9taxation de l\u2019importation des intrants \u00e0 la fabrication, ce seraient les deux mesures les plus importantes qu\u2019il faudrait envisager \u00e0 travers l\u2019adh\u00e9sion \u00e0 ces trait\u00e9s internationaux et leur application dans le contexte local, plaide l\u2019\u00e9diteur. En attendant qu\u2019une vraie politique nationale du livre et de la lecture puisse \u00eatre formul\u00e9e, adopt\u00e9e et mise en marche dans le pays.\u00a0\u00bb<\/p>\n<p>Premi\u00e8re \u00e9dition du prix des Lyc\u00e9ens<\/p>\n<p>En attendant, l\u2019\u00c9tat mise sur les prix litt\u00e9raires. Cette ann\u00e9e fut la premi\u00e8re \u00e9dition du prix des Lyc\u00e9ens, organis\u00e9 par le Celpac, le Centre de lecture publique et d\u2019animation culturelle. L\u2019objectif premier est de vulgariser et de populariser la lecture, en particulier aupr\u00e8s des jeunes. Le second est d\u2019aider les maisons d\u2019\u00e9dition \u00e0 vendre.<\/p>\n<p>\u00ab\u00a0Vous voyez d\u00e9j\u00e0 aupr\u00e8s des lyc\u00e9ens, lorsqu\u2019on dit que le livre de Mab\u00e9ty [Soumah] Sens interdit est laur\u00e9at du prix des Lyc\u00e9ens, non seulement, \u00e0 travers ce prix, les maisons d\u2019\u00e9dition ont de la visibilit\u00e9, mais \u00e7a va aussi booster leur vente\u00a0\u00bb, pr\u00e9dit Bernard Beavogui, directeur g\u00e9n\u00e9ral du Celpac. Et en effet, sur le salon, plusieurs lecteurs r\u00e9clament le roman de Mab\u00e9ty Soumah au stand des \u00e9ditions Ganndal.<\/p>\n<p class=\"a-read-more\">\u00c0 lire aussi<a href=\"https:\/\/www.rfi.fr\/fr\/afrique\/20240317-salon-du-livre-africain-des-auteurs-en-auto-\u00e9dition-plus-nombreux-lors-de-la-troisi\u00e8me-\u00e9dition\" target=\"_self\" class=\"a-read-more__link\" rel=\"noopener\">Salon du livre africain: des auteurs en auto-\u00e9dition plus nombreux lors de la troisi\u00e8me \u00e9dition<\/a><\/p>\n","protected":false},"excerpt":{"rendered":"En Guin\u00e9e, le secteur de l\u2019\u00e9dition reste fragile. Le pays compte une quinzaine de maisons d\u2019\u00e9dition mais en&hellip;\n","protected":false},"author":2,"featured_media":77767,"comment_status":"","ping_status":"","sticky":false,"template":"","format":"standard","meta":{"footnotes":""},"categories":[1357],"tags":[12938,1379,58,33,59,1011,27,15627,1380],"class_list":{"0":"post-77766","1":"post","2":"type-post","3":"status-publish","4":"format-standard","5":"has-post-thumbnail","7":"category-livres","8":"tag-afrique-economie","9":"tag-books","10":"tag-divertissement","11":"tag-economie","12":"tag-entertainment","13":"tag-fr","14":"tag-france","15":"tag-guinee","16":"tag-livres"},"share_on_mastodon":{"url":"https:\/\/pubeurope.com\/@fr\/114457628447430706","error":""},"_links":{"self":[{"href":"https:\/\/www.europesays.com\/fr\/wp-json\/wp\/v2\/posts\/77766","targetHints":{"allow":["GET"]}}],"collection":[{"href":"https:\/\/www.europesays.com\/fr\/wp-json\/wp\/v2\/posts"}],"about":[{"href":"https:\/\/www.europesays.com\/fr\/wp-json\/wp\/v2\/types\/post"}],"author":[{"embeddable":true,"href":"https:\/\/www.europesays.com\/fr\/wp-json\/wp\/v2\/users\/2"}],"replies":[{"embeddable":true,"href":"https:\/\/www.europesays.com\/fr\/wp-json\/wp\/v2\/comments?post=77766"}],"version-history":[{"count":0,"href":"https:\/\/www.europesays.com\/fr\/wp-json\/wp\/v2\/posts\/77766\/revisions"}],"wp:featuredmedia":[{"embeddable":true,"href":"https:\/\/www.europesays.com\/fr\/wp-json\/wp\/v2\/media\/77767"}],"wp:attachment":[{"href":"https:\/\/www.europesays.com\/fr\/wp-json\/wp\/v2\/media?parent=77766"}],"wp:term":[{"taxonomy":"category","embeddable":true,"href":"https:\/\/www.europesays.com\/fr\/wp-json\/wp\/v2\/categories?post=77766"},{"taxonomy":"post_tag","embeddable":true,"href":"https:\/\/www.europesays.com\/fr\/wp-json\/wp\/v2\/tags?post=77766"}],"curies":[{"name":"wp","href":"https:\/\/api.w.org\/{rel}","templated":true}]}}