{"id":777674,"date":"2026-03-05T15:37:15","date_gmt":"2026-03-05T15:37:15","guid":{"rendered":"https:\/\/www.europesays.com\/fr\/777674\/"},"modified":"2026-03-05T15:37:15","modified_gmt":"2026-03-05T15:37:15","slug":"le-gazole-frole-les-2-e-les-premieres-penuries-de-carburant-apparaissent-a-poitiers-et-ses-environs","status":"publish","type":"post","link":"https:\/\/www.europesays.com\/fr\/777674\/","title":{"rendered":"le gazole fr\u00f4le les 2 \u20ac, les premi\u00e8res p\u00e9nuries de carburant apparaissent \u00e0 Poitiers et ses environs"},"content":{"rendered":"<p>Les cons\u00e9quences de <a title=\"Lien vers la NR : &quot;Navire iranien coul\u00e9, tir en direction de la Turquie, combats au Liban\u2026 Ce qu\u2019il faut retenir du cinqui\u00e8me jour de guerre au Moyen-Orient&quot;\" target=\"_self\" href=\"https:\/\/www.lanouvellerepublique.fr\/a-la-une\/navire-iranien-coule-tir-en-direction-de-la-turquie-combats-au-liban-ce-qu-il-faut-retenir-du-cinquieme-jour-de-guerre-au-moyen-orient-1772651700\" rel=\"nofollow noopener\">la guerre au Moyen-Orient<\/a> sont d\u00e9j\u00e0 visibles \u00e0 la pompe pour les Poitevins. M\u00eame si le ministre de l\u2019\u00c9conomie, Roland Lescure, avait annonc\u00e9 le mercredi 4\u00a0mars 2026 que \u00ab\u00a0dans plus 97\u00a0% du territoire, il n\u2019y a aucun probl\u00e8me\u00a0\u00bb et qu\u2019il fallait \u00ab\u00a0garder son sang-froid\u00a0\u00bb, force est de constater que les automobilistes ont d\u00e9j\u00e0 r\u00e9agi (ou surr\u00e9agi) en provoquant les premi\u00e8res ruptures de stock dans certaines stations-service comme le signale le site <a title=\"Lien vers le site\" target=\"_blank\" href=\"https:\/\/www.prix-carburants.gouv.fr\/\" rel=\"nofollow noopener\">prix-carburants.gouv.fr<\/a>.<\/p>\n<p>Ainsi \u00e0 <a title=\"Lien vers la NR 86 et d&#039;autres articles concernant la commune\" target=\"_self\" href=\"https:\/\/www.lanouvellerepublique.fr\/poitiers\" rel=\"nofollow noopener\">Poitiers<\/a>, jeudi 5\u00a0mars 2026 en matin\u00e9e, il n\u2019y a plus de SP 95 \u00e0 Auchan Poitiers-Sud\u00a0et de SP 98 \u00e0 l\u2019Intermarch\u00e9 de Beaulieu \u00e0 Poitiers, ni de SP95-E10 au Super U de l\u2019avenue du 8-Mai\u2026 \u00c0 <a title=\"Lien vers la NR 86 et d&#039;autres articles concernant la commune\" target=\"_self\" href=\"https:\/\/www.lanouvellerepublique.fr\/chatellerault\" rel=\"nofollow noopener\">Ch\u00e2tellerault<\/a>, on ne trouve pas non plus aujourd\u2019hui de SP 98 au Leclerc. D\u2019autres stations manquent de carburant, mais la situation peut \u00e9voluer au fil de la journ\u00e9e. On vous conseille de suivre le site gouvernemental pour vous tenir au courant de l\u2019\u00e9volution de la situation.<\/p>\n<p><img alt=\"Le gazole fr\u00f4le les 2\u00a0\u20ac le litre dans plusieurs stations essence du d\u00e9partement de la Vienne.\" loading=\"lazy\" width=\"980\" height=\"573\" decoding=\"async\" data-nimg=\"1\" class=\"img-responsive spinner-show \" style=\"color:transparent;background-size:cover;background-position:50% 50%;background-repeat:no-repeat;background-image:url(&quot;data:image\/svg+xml;charset=utf-8,%3Csvg xmlns='http:\/\/www.w3.org\/2000\/svg' viewBox='0 0 980 573'%3E%3Cfilter id='b' color-interpolation-filters='sRGB'%3E%3CfeGaussianBlur stdDeviation='20'\/%3E%3CfeColorMatrix values='1 0 0 0 0 0 1 0 0 0 0 0 1 0 0 0 0 0 100 -1' result='s'\/%3E%3CfeFlood x='0' y='0' width='100%25' height='100%25'\/%3E%3CfeComposite operator='out' in='s'\/%3E%3CfeComposite in2='SourceGraphic'\/%3E%3CfeGaussianBlur stdDeviation='20'\/%3E%3C\/filter%3E%3Cimage width='100%25' height='100%25' x='0' y='0' preserveAspectRatio='none' style='filter: url(%23b);' href='https:\/\/images.lanouvellerepublique.fr\/image\/upload\/t_88w\/f_auto\/69a963fcd2f99d20368b45a7.jpg'\/%3E%3C\/svg%3E&quot;)\"   src=\"https:\/\/www.europesays.com\/fr\/wp-content\/uploads\/2026\/03\/69a963fcd2f99d20368b45a7.jpg\"\/><\/p>\n<p style=\"background-color:#F2F2F2;padding:5px;margin-top:0px;margin-bottom:10px\">Le gazole fr\u00f4le les 2\u00a0\u20ac le litre dans plusieurs stations essence du d\u00e9partement de la Vienne.<br \/> \u00a9 (Photo NR -CP Mathieu Herduin)<\/p>\n<p>Sur le prix au litre, on peut observer que celui du gazole, apr\u00e8s avoir augment\u00e9 de plusieurs dizaines de centimes d\u2019euros ces derniers jours, fr\u00f4le d\u00e9sormais les 2\u00a0\u20ac un peu partout. Dans plusieurs stations du d\u00e9partement, il affiche 1,99\u00a0\u20ac, mais au Leclerc de Jardres, il est d\u00e9j\u00e0 \u00e0 2\u00a0\u20ac. Certains pourtant proposent des tarifs plus bas\u00a0: 1,89\u00a0\u20ac au Carrefour Contact de Vouneuil-sous-Biard, 1,88\u00a0\u20ac chez Total \u00e0 <a title=\"Lien vers la NR 86 et d&#039;autres articles concernant la commune\" target=\"_self\" href=\"https:\/\/www.lanouvellerepublique.fr\/vienne\/commune\/chasseneuil-du-poitou\" rel=\"nofollow noopener\">Chasseneuil<\/a>, 1,84\u00a0\u20ac au Leclerc de Buxerolles\u2026 Le SP 95 oscille entre 1,73\u00a0\u20ac au Carrefour Market de Dang\u00e9-Saint-Romain ou \u00e0 Auchan Poitiers Sud et 1,94\u00a0\u20ac \u00e0 la station Avia, boulevard Jeanne-d\u2019Arc \u00e0 Poitiers.<\/p>\n<p>Des hausses et des ruptures aussi chez nos voisins<\/p>\n<p>Chez nos voisins, la tendance est aussi \u00e0 la hausse. Deux exemples dans <a title=\"Lien vers la NR 79\" target=\"_self\" href=\"https:\/\/www.lanouvellerepublique.fr\/deux-sevres\" rel=\"nofollow noopener\">les Deux-S\u00e8vres<\/a>\u00a0: 1,89\u00a0\u20ac pour du SP 98 \u00e0 la Station Avia Express de Parthenay et 1,97\u00a0\u20ac le litre de gazole au Leclerc de l\u2019avenue de Paris \u00e0 Niort. Dans <a title=\"Lien vers la NR 37\" target=\"_self\" href=\"https:\/\/www.lanouvellerepublique.fr\/indre-et-loire\" rel=\"nofollow noopener\">l\u2019Indre et Loire<\/a>, on a trouv\u00e9 du gazole \u00e0 2,09\u00a0\u20ac au Auchan de Ballan-Mir\u00e9 dans la banlieue de Tours. Dans <a title=\"Lien vers la NR de l&#039;Indre\" target=\"_self\" href=\"https:\/\/www.lanouvellerepublique.fr\/indre\" rel=\"nofollow noopener\">l\u2019Indre<\/a>, le Leclerc de Saint-Maur, proche de Ch\u00e2teauroux est aussi en rupture de stock aujourd\u2019hui sur le SP 95 et le gazole.<\/p>\n<p>Face \u00e0 cette hausse des prix \u00e0 la pompe, le ministre de l\u2019\u00c9conomie doit recevoir aujourd\u2019hui \u00e0 Bercy les distributeurs de carburant pour \u00ab\u00a0s\u2019assurer\u00a0\u00bb qu\u2019ils ne pratiqueront pas de hausses exag\u00e9r\u00e9es des prix.<\/p><\/p>\n","protected":false},"excerpt":{"rendered":"Les cons\u00e9quences de la guerre au Moyen-Orient sont d\u00e9j\u00e0 visibles \u00e0 la pompe pour les Poitevins. M\u00eame si&hellip;\n","protected":false},"author":2,"featured_media":777675,"comment_status":"","ping_status":"","sticky":false,"template":"","format":"standard","meta":{"footnotes":"","_share_on_mastodon":"0"},"categories":[6],"tags":[1392,52313,35,55955,4351,19489,130,27005,33,34,893,1011,27,21930,6752,6755,1653],"class_list":["post-777674","post","type-post","status-publish","format-standard","has-post-thumbnail","category-economie","tag-a-la-une-local","tag-ballan-mire","tag-business","tag-buxerolles","tag-chateauroux","tag-chatellerault","tag-consommation","tag-dange-saint-romain","tag-economie","tag-economy","tag-energie","tag-fr","tag-france","tag-jardres","tag-niort","tag-parthenay","tag-poitiers"],"share_on_mastodon":{"url":"https:\/\/pubeurope.com\/@fr\/116177315348871066","error":""},"_links":{"self":[{"href":"https:\/\/www.europesays.com\/fr\/wp-json\/wp\/v2\/posts\/777674","targetHints":{"allow":["GET"]}}],"collection":[{"href":"https:\/\/www.europesays.com\/fr\/wp-json\/wp\/v2\/posts"}],"about":[{"href":"https:\/\/www.europesays.com\/fr\/wp-json\/wp\/v2\/types\/post"}],"author":[{"embeddable":true,"href":"https:\/\/www.europesays.com\/fr\/wp-json\/wp\/v2\/users\/2"}],"replies":[{"embeddable":true,"href":"https:\/\/www.europesays.com\/fr\/wp-json\/wp\/v2\/comments?post=777674"}],"version-history":[{"count":0,"href":"https:\/\/www.europesays.com\/fr\/wp-json\/wp\/v2\/posts\/777674\/revisions"}],"wp:featuredmedia":[{"embeddable":true,"href":"https:\/\/www.europesays.com\/fr\/wp-json\/wp\/v2\/media\/777675"}],"wp:attachment":[{"href":"https:\/\/www.europesays.com\/fr\/wp-json\/wp\/v2\/media?parent=777674"}],"wp:term":[{"taxonomy":"category","embeddable":true,"href":"https:\/\/www.europesays.com\/fr\/wp-json\/wp\/v2\/categories?post=777674"},{"taxonomy":"post_tag","embeddable":true,"href":"https:\/\/www.europesays.com\/fr\/wp-json\/wp\/v2\/tags?post=777674"}],"curies":[{"name":"wp","href":"https:\/\/api.w.org\/{rel}","templated":true}]}}