{"id":77768,"date":"2025-05-05T22:39:16","date_gmt":"2025-05-05T22:39:16","guid":{"rendered":"https:\/\/www.europesays.com\/fr\/77768\/"},"modified":"2025-05-05T22:39:16","modified_gmt":"2025-05-05T22:39:16","slug":"les-feux-de-lamour-resume-de-lepisode-du-5-mai-2025-rtbf-les-resumes","status":"publish","type":"post","link":"https:\/\/www.europesays.com\/fr\/77768\/","title":{"rendered":"Les Feux de l&rsquo;Amour: R\u00e9sum\u00e9 de l&rsquo;\u00e9pisode du 5 mai 2025 (Rtbf) | Les r\u00e9sum\u00e9s"},"content":{"rendered":"<p>Au Glam Club, <a href=\"https:\/\/www.soap-passion.com\/les-feux-de-l-amour\/personnage\/80-adam.html\" target=\"_blank\" rel=\"noopener\">Adam<\/a> apprend \u00e0 <a href=\"https:\/\/www.soap-passion.com\/les-feux-de-l-amour\/personnage\/70-lily.html\" target=\"_blank\" rel=\"noopener\">Lily<\/a> qu&rsquo;il a trouv\u00e9 <a href=\"https:\/\/www.soap-passion.com\/les-feux-de-l-amour\/personnage\/1089-chelsea.html\" target=\"_blank\" rel=\"noopener\">Chelsea<\/a> : Elle \u00e9tait sur le toit, avec Billy&#8230; Ils sont en ce moment-m\u00eame en train de se parler, mais <a href=\"https:\/\/www.soap-passion.com\/les-feux-de-l-amour\/personnage\/1089-chelsea.html\" target=\"_blank\" rel=\"noopener\">Chelsea<\/a> avait l&rsquo;air tr\u00e8s contrari\u00e9e. <a href=\"https:\/\/www.soap-passion.com\/les-feux-de-l-amour\/personnage\/80-adam.html\" target=\"_blank\" rel=\"noopener\">Adam<\/a> se demande ce que <a href=\"https:\/\/www.soap-passion.com\/les-feux-de-l-amour\/personnage\/64-billy.html\" target=\"_blank\" rel=\"noopener\">Billy<\/a> a fait. <\/p>\n<p>\u00c0 l&rsquo;h\u00f4tel, <a href=\"https:\/\/www.soap-passion.com\/les-feux-de-l-amour\/personnage\/64-billy.html\" target=\"_blank\" rel=\"noopener\">Billy<\/a> prend soin de <a href=\"https:\/\/www.soap-passion.com\/les-feux-de-l-amour\/personnage\/1089-chelsea.html\" target=\"_blank\" rel=\"noopener\">Chelsea<\/a> ; il lui retire ses chaussures, et prend son t\u00e9l\u00e9phone dans son sac pour le mettre en silencieux. <a href=\"https:\/\/www.soap-passion.com\/les-feux-de-l-amour\/personnage\/64-billy.html\" target=\"_blank\" rel=\"noopener\">Billy<\/a> n&rsquo;a pas envie qu&rsquo;on la d\u00e9range, \u00e0 moins qu&rsquo;elle n&rsquo;ait envie d&rsquo;appeler quelqu&rsquo;un&#8230; Mais <a href=\"https:\/\/www.soap-passion.com\/les-feux-de-l-amour\/personnage\/1089-chelsea.html\" target=\"_blank\" rel=\"noopener\">Chelsea<\/a> est toujours noy\u00e9e dans ses pens\u00e9es, et dit n&rsquo;avoir besoin de parler \u00e0 personne. <a href=\"https:\/\/www.soap-passion.com\/les-feux-de-l-amour\/personnage\/64-billy.html\" target=\"_blank\" rel=\"noopener\">Billy<\/a> lui sugg\u00e8re alors qu&rsquo;ils aillent faire un tour en voiture, pour qu&rsquo;elle puisse se changer les id\u00e9es, peut-\u00eatre que cela pourrait lui faire du bien. Mais pour <a href=\"https:\/\/www.soap-passion.com\/les-feux-de-l-amour\/personnage\/1089-chelsea.html\" target=\"_blank\" rel=\"noopener\">Chelsea<\/a>, le seul moyen de l&rsquo;aider, c&rsquo;est de la laisser en finir avec la vie. <\/p>\n<p>Lorsqu&rsquo;elle arrive au N\u00e9on \u00c9carlate, &#8230;<\/p>\n<p>    R\u00e9serv\u00e9 aux abonn\u00e9s !<br \/>\n    &#8230; Il vous reste 93% de ce texte \u00e0 lire.<br \/>\n    <br \/>Soutenez Soap-Passion,  <a href=\"https:\/\/www.soap-passion.com\/login\" target=\"_blank\" rel=\"noopener\">abonnez-vous<\/a> pour lire la suite !<\/p>\n<p class=\"text-center fst-italic m-5 pb-5\">Retrouvez chaque jour en Belgique, un nouvel \u00e9pisode de <b>\u00ab\u00a0Les Feux de l&rsquo;Amour\u00a0\u00bb<\/b> \u00e0 11:55 sur la cha\u00eene RTBF<\/p>\n<p>\u00a9 Soap-Passion.com &#8211; Reproduction compl\u00e8te ou partielle interdite <\/p>\n","protected":false},"excerpt":{"rendered":"Au Glam Club, Adam apprend \u00e0 Lily qu&rsquo;il a trouv\u00e9 Chelsea : Elle \u00e9tait sur le toit, avec&hellip;\n","protected":false},"author":2,"featured_media":77769,"comment_status":"","ping_status":"","sticky":false,"template":"","format":"standard","meta":{"footnotes":""},"categories":[1356],"tags":[58,59,1011,27,1375,252,1364],"class_list":{"0":"post-77768","1":"post","2":"type-post","3":"status-publish","4":"format-standard","5":"has-post-thumbnail","7":"category-television","8":"tag-divertissement","9":"tag-entertainment","10":"tag-fr","11":"tag-france","12":"tag-les-feux-de-l","13":"tag-television","14":"tag-tv"},"share_on_mastodon":{"url":"https:\/\/pubeurope.com\/@fr\/114457631976074319","error":""},"_links":{"self":[{"href":"https:\/\/www.europesays.com\/fr\/wp-json\/wp\/v2\/posts\/77768","targetHints":{"allow":["GET"]}}],"collection":[{"href":"https:\/\/www.europesays.com\/fr\/wp-json\/wp\/v2\/posts"}],"about":[{"href":"https:\/\/www.europesays.com\/fr\/wp-json\/wp\/v2\/types\/post"}],"author":[{"embeddable":true,"href":"https:\/\/www.europesays.com\/fr\/wp-json\/wp\/v2\/users\/2"}],"replies":[{"embeddable":true,"href":"https:\/\/www.europesays.com\/fr\/wp-json\/wp\/v2\/comments?post=77768"}],"version-history":[{"count":0,"href":"https:\/\/www.europesays.com\/fr\/wp-json\/wp\/v2\/posts\/77768\/revisions"}],"wp:featuredmedia":[{"embeddable":true,"href":"https:\/\/www.europesays.com\/fr\/wp-json\/wp\/v2\/media\/77769"}],"wp:attachment":[{"href":"https:\/\/www.europesays.com\/fr\/wp-json\/wp\/v2\/media?parent=77768"}],"wp:term":[{"taxonomy":"category","embeddable":true,"href":"https:\/\/www.europesays.com\/fr\/wp-json\/wp\/v2\/categories?post=77768"},{"taxonomy":"post_tag","embeddable":true,"href":"https:\/\/www.europesays.com\/fr\/wp-json\/wp\/v2\/tags?post=77768"}],"curies":[{"name":"wp","href":"https:\/\/api.w.org\/{rel}","templated":true}]}}