{"id":77770,"date":"2025-05-05T22:40:09","date_gmt":"2025-05-05T22:40:09","guid":{"rendered":"https:\/\/www.europesays.com\/fr\/77770\/"},"modified":"2025-05-05T22:40:09","modified_gmt":"2025-05-05T22:40:09","slug":"javais-12-ans-les-surprenantes-confidences-de-clemence-connue-pour-son-duo-avec-johnny-hallyday","status":"publish","type":"post","link":"https:\/\/www.europesays.com\/fr\/77770\/","title":{"rendered":"\u00ab\u00a0J\u2019avais 12 ans\u2026\u00a0\u00bb : les surprenantes confidences de Cl\u00e9mence, connue pour son duo avec Johnny Hallyday"},"content":{"rendered":"<p>En 2001 sortait la chanson qui l&rsquo;a fait conna\u00eetre : \u00ab\u00a0On a tous besoin d&rsquo;amour\u00a0\u00bb. <strong>En duo avec Johnny Hallyday, une petite fille du nom de Cl\u00e9mence<\/strong> se pla\u00e7ait \u00e0 la 4e place des ventes en France. <\/p>\n<p>Fille du compositeur Saint-Preux, la jeune femme, aujourd&rsquo;hui <a href=\"https:\/\/www.public.fr\/the-voice-4-clemence-saint-preux-deception-pour-celle-qui-a-chante-avec-johnny-hallyday\" target=\"_blank\" rel=\"noopener\">\u00e2g\u00e9e de 36 ans, chante toujours<\/a>. Et elle raconte la Gen\u00e8se de ce projet qui n&rsquo;aurait jamais d\u00fb se concr\u00e9tiser !<\/p>\n<p>Dans une interview accord\u00e9e \u00e0 Pile, \u00e0 l&rsquo;occasion de l&rsquo;enregistrement d&rsquo;une nouvelle version de son tube de 2011 \u00ab\u00a0Sans d\u00e9fense\u00a0\u00bb, la baby-chanteuse s&rsquo;est confi\u00e9e \u00e0 c\u0153ur ouvert. <\/p>\n<p>Duo improbable avec Johnny Hallyday<\/p>\n<p>Elle s&rsquo;est souvenue : \u00ab\u00a0j&rsquo;\u00e9tais vraiment petite, j&rsquo;avais 11 ans, et mon papa qui a compos\u00e9 la chanson On a tous besoin d&rsquo;amour faisait des sessions de studio pour trouver une chanteuse pour l&rsquo;interpr\u00e9ter\u00a0\u00bb. <\/p>\n<p>Cl\u00e9mence r\u00e9v\u00e8le d&rsquo;ailleurs qu&rsquo;au d\u00e9part, l&rsquo;homme derri\u00e8re le \u00ab\u00a0Concerto pour une voix\u00a0\u00bb ne pr\u00e9voyait pas d&rsquo;en faire un duo.<strong> Encore moins de la donner \u00e0 Johnny ! <\/strong><\/p>\n<p>En coulisses, Cl\u00e9mence n&rsquo;avait d\u00e9j\u00e0 qu&rsquo;un r\u00eave : \u00eatre chanteuse. Et elle raconte avoir suppli\u00e9 son papa pour qu&rsquo;il lui donne sa chance. En face, le compositeur de musique classique \u00e9tait r\u00e9ticent. <\/p>\n<p>Cl\u00e9mence assure qu&rsquo;il lui disait : \u00ab\u00a0tu es trop petite, peut-\u00eatre que tu dis \u00e7a maintenant, mais en fait c&rsquo;est juste une envie d&rsquo;enfant, c&rsquo;est pas vraiment ce que tu veux. Et c&rsquo;est une carri\u00e8re et un milieu difficile. Peut-\u00eatre, laisse tomber, finis tes \u00e9tudes, reste \u00e0 l&rsquo;\u00e9cole, tranquille, fais ta vie de petite fille\u00a0\u00bb. <\/p>\n<p>Tr\u00e8s d\u00e9termin\u00e9e, la fillette s&rsquo;est fray\u00e9e un chemin vers le micro, et a finalement r\u00e9ussi \u00e0 enregistrer une maquette. C&rsquo;\u00e9tait sans savoir que <strong>le disque, qui a \u00ab\u00a0train\u00e9 dans une maison de disque\u00a0\u00bb<\/strong>, pendant plus d&rsquo;un an, allait atterrir <a href=\"https:\/\/vsd.fr\/52832-johnny-hallyday-lexposition-parisienne-tant-attendue-ouvre-ses-portes-le-22-decembre\/\" target=\"_blank\" rel=\"noopener\">chez l&rsquo;idole des jeunes. <\/a><\/p>\n<p>Cl\u00e9mence se r\u00e9gale encore aujourd&rsquo;hui lorsqu&rsquo;elle explique : \u00ab\u00a0<strong>Johnny Hallyday l&rsquo;a entendu par magie, par chance, c&rsquo;est un coup du destin\u00a0\u00bb<\/strong>. Et c&rsquo;est comme \u00e7a qu&rsquo;un jour, \u00e0 la sortie de l&rsquo;\u00e9cole, on est venue la chercher pour l&#8217;emmener <a href=\"https:\/\/www.public.fr\/johnny-hallyday-rien-ne-va-plus-a-marnes-la-coquette\" target=\"_blank\" rel=\"noopener\">\u00e0 Marnes-La-Coquette<\/a>. <\/p>\n<p>Cl\u00e9mence d\u00e9voile un petit secret sur la chanson<\/p>\n<p>\u00c2g\u00e9e alors de 12 ans, la petite fille est entr\u00e9e dans la maison et y a trouv\u00e9 Johnny, Laeticia et un piano. Le Taulier lui a ensuite demand\u00e9 de lui interpr\u00e9ter la chanson. Et la suite, tout le monde la conna\u00eet.<\/p>\n<p><strong>Johnny, qui avait compl\u00e8tement craqu\u00e9 sur la voix de Cl\u00e9mence<\/strong> lui a demand\u00e9 si elle voulait bien qu&rsquo;il enregistre la chanson avec elle. Et elle, de d\u00e9voiler, plus de 20 ans apr\u00e8s : \u00ab\u00a0La premi\u00e8re prise que j&rsquo;ai faite (pour la maquette), c&rsquo;est la prise qui est sur le disque. <strong>Ils ont gard\u00e9 l&rsquo;enregistrement initial, l<\/strong>e truc spontan\u00e9 et naturel. C&rsquo;est pas parfait, mais c&rsquo;est plein d&rsquo;\u00e9motion et c&rsquo;est ce qu&rsquo;ils trouvaient joli finalement\u00a0\u00bb. <\/p>\n<p>      Mentionn\u00e9s dans cet article<\/p>\n<p>\u00c0 lire aussi<\/p>\n","protected":false},"excerpt":{"rendered":"En 2001 sortait la chanson qui l&rsquo;a fait conna\u00eetre : \u00ab\u00a0On a tous besoin d&rsquo;amour\u00a0\u00bb. En duo avec&hellip;\n","protected":false},"author":2,"featured_media":77771,"comment_status":"","ping_status":"","sticky":false,"template":"","format":"standard","meta":{"footnotes":""},"categories":[1355],"tags":[1695,58,59,1011,27,1304,7648,1361,873,8107],"class_list":{"0":"post-77770","1":"post","2":"type-post","3":"status-publish","4":"format-standard","5":"has-post-thumbnail","7":"category-musique","8":"tag-chanson","9":"tag-divertissement","10":"tag-entertainment","11":"tag-fr","12":"tag-france","13":"tag-johnny-hallyday","14":"tag-laeticia-hallyday","15":"tag-music","16":"tag-musique","17":"tag-tube"},"share_on_mastodon":{"url":"https:\/\/pubeurope.com\/@fr\/114457636040769638","error":""},"_links":{"self":[{"href":"https:\/\/www.europesays.com\/fr\/wp-json\/wp\/v2\/posts\/77770","targetHints":{"allow":["GET"]}}],"collection":[{"href":"https:\/\/www.europesays.com\/fr\/wp-json\/wp\/v2\/posts"}],"about":[{"href":"https:\/\/www.europesays.com\/fr\/wp-json\/wp\/v2\/types\/post"}],"author":[{"embeddable":true,"href":"https:\/\/www.europesays.com\/fr\/wp-json\/wp\/v2\/users\/2"}],"replies":[{"embeddable":true,"href":"https:\/\/www.europesays.com\/fr\/wp-json\/wp\/v2\/comments?post=77770"}],"version-history":[{"count":0,"href":"https:\/\/www.europesays.com\/fr\/wp-json\/wp\/v2\/posts\/77770\/revisions"}],"wp:featuredmedia":[{"embeddable":true,"href":"https:\/\/www.europesays.com\/fr\/wp-json\/wp\/v2\/media\/77771"}],"wp:attachment":[{"href":"https:\/\/www.europesays.com\/fr\/wp-json\/wp\/v2\/media?parent=77770"}],"wp:term":[{"taxonomy":"category","embeddable":true,"href":"https:\/\/www.europesays.com\/fr\/wp-json\/wp\/v2\/categories?post=77770"},{"taxonomy":"post_tag","embeddable":true,"href":"https:\/\/www.europesays.com\/fr\/wp-json\/wp\/v2\/tags?post=77770"}],"curies":[{"name":"wp","href":"https:\/\/api.w.org\/{rel}","templated":true}]}}