{"id":777705,"date":"2026-03-05T15:56:15","date_gmt":"2026-03-05T15:56:15","guid":{"rendered":"https:\/\/www.europesays.com\/fr\/777705\/"},"modified":"2026-03-05T15:56:15","modified_gmt":"2026-03-05T15:56:15","slug":"journee-des-grands-parents-rennes-catholique-fr","status":"publish","type":"post","link":"https:\/\/www.europesays.com\/fr\/777705\/","title":{"rendered":"Journ\u00e9e des grands-parents &#8211; rennes.catholique.fr"},"content":{"rendered":"<p>Pour la 8e ann\u00e9e cons\u00e9cutive, la pastorale familiale et le service de cat\u00e9ch\u00e8se proposent une <strong>journ\u00e9e des\u00a0grands-parents<\/strong>\u00a0pour \u00e9voquer ensemble la transmission de la foi aupr\u00e8s des petits-enfants.<br \/><strong>En effet, bien souvent, ce sont les grands parents qui assurent la transmission des valeurs chr\u00e9tiennes \u00e0 leurs petits-enfants, et \u00ab beaucoup peuvent constater que c\u2019est pr\u00e9cis\u00e9ment \u00e0 leurs grands-parents qu\u2019ils doivent leur initiation \u00e0 la vie chr\u00e9tienne \u00bb Amoris Laetitia 192<\/strong><\/p>\n<p>Cette ann\u00e9e, prenons le temps de r\u00e9fl\u00e9chir et de partager autour du th\u00e8me : <strong>Rayonner du C\u0153ur de J\u00e9sus aupr\u00e8s de nos petits-enfants ?<\/strong><\/p>\n<p>Rendez-vous le <strong>23 mars de 9h \u00e0 17h<\/strong> \u00e0 la maison dioc\u00e9saine (45, rue de Brest \u00e0 Rennes) pour des temps d\u2019enseignements, de partages, de pri\u00e8re et d\u2019ateliers.<\/p>\n<p>Cette journ\u00e9e se veut riche afin de repartir nourris et plein d\u2019Esp\u00e9rance, confort\u00e9s dans notre mission de grands-parents !<\/p>\n<p>Pour vous inscrire et r\u00e9server votre d\u00e9jeuner\u00a0(16\u20ac\/pers. repas inclus \u2013 Ch\u00e8que \u00e0 l\u2019ordre de \u00ab\u00a0Pastorale familiale\u00a0\u00bb), vous pouvez :<\/p>\n<ul>\n<li>Ou par t\u00e9l\u00e9phone au\u00a0: 02 99 14 35 67 (\u00e0 partir de lundi 9 mars)<\/li>\n<\/ul>\n<p>Ou cliquer sur le lien suivant pour vous inscrire en ligne\u00a0: <a href=\"https:\/\/forms.office.com\/Pages\/ResponsePage.aspx?id=FIINrLQELEqGkef30ZTyOHs9XtQZJ0BGuyq_mBqIM6FUNUpGUkNGTExIUjFKQTlYT0pGRzZEUUdJWi4u\" rel=\"nofollow noopener\" target=\"_blank\">https:\/\/forms.office.com\/Pages\/ResponsePage.aspx?id=FIINrLQELEqGkef30ZTyOHs9XtQZJ0BGuyq_mBqIM6FUNUpGUkNGTExIUjFKQTlYT0pGRzZEUUdJWi4u<\/a><\/p>\n","protected":false},"excerpt":{"rendered":"Pour la 8e ann\u00e9e cons\u00e9cutive, la pastorale familiale et le service de cat\u00e9ch\u00e8se proposent une journ\u00e9e des\u00a0grands-parents\u00a0pour \u00e9voquer&hellip;\n","protected":false},"author":2,"featured_media":777706,"comment_status":"","ping_status":"","sticky":false,"template":"","format":"standard","meta":{"footnotes":"","_share_on_mastodon":"0"},"categories":[2821],"tags":[1111,11,829,1777,674,1011,27,12,584,25],"class_list":["post-777705","post","type-post","status-publish","format-standard","has-post-thumbnail","category-rennes","tag-actu","tag-actualites","tag-bretagne","tag-eu","tag-europe","tag-fr","tag-france","tag-news","tag-rennes","tag-republique-francaise"],"share_on_mastodon":{"url":"https:\/\/pubeurope.com\/@fr\/116177389648394840","error":""},"_links":{"self":[{"href":"https:\/\/www.europesays.com\/fr\/wp-json\/wp\/v2\/posts\/777705","targetHints":{"allow":["GET"]}}],"collection":[{"href":"https:\/\/www.europesays.com\/fr\/wp-json\/wp\/v2\/posts"}],"about":[{"href":"https:\/\/www.europesays.com\/fr\/wp-json\/wp\/v2\/types\/post"}],"author":[{"embeddable":true,"href":"https:\/\/www.europesays.com\/fr\/wp-json\/wp\/v2\/users\/2"}],"replies":[{"embeddable":true,"href":"https:\/\/www.europesays.com\/fr\/wp-json\/wp\/v2\/comments?post=777705"}],"version-history":[{"count":0,"href":"https:\/\/www.europesays.com\/fr\/wp-json\/wp\/v2\/posts\/777705\/revisions"}],"wp:featuredmedia":[{"embeddable":true,"href":"https:\/\/www.europesays.com\/fr\/wp-json\/wp\/v2\/media\/777706"}],"wp:attachment":[{"href":"https:\/\/www.europesays.com\/fr\/wp-json\/wp\/v2\/media?parent=777705"}],"wp:term":[{"taxonomy":"category","embeddable":true,"href":"https:\/\/www.europesays.com\/fr\/wp-json\/wp\/v2\/categories?post=777705"},{"taxonomy":"post_tag","embeddable":true,"href":"https:\/\/www.europesays.com\/fr\/wp-json\/wp\/v2\/tags?post=777705"}],"curies":[{"name":"wp","href":"https:\/\/api.w.org\/{rel}","templated":true}]}}