{"id":777707,"date":"2026-03-05T15:57:58","date_gmt":"2026-03-05T15:57:58","guid":{"rendered":"https:\/\/www.europesays.com\/fr\/777707\/"},"modified":"2026-03-05T15:57:58","modified_gmt":"2026-03-05T15:57:58","slug":"un-fourgon-de-la-direction-des-routes-percute-par-un-poids-lourd-pres-de-rennes-la-diro-alerte-une-nouvelle-fois","status":"publish","type":"post","link":"https:\/\/www.europesays.com\/fr\/777707\/","title":{"rendered":"Un fourgon de la direction des routes percut\u00e9 par un poids lourd pr\u00e8s de Rennes\u00a0: la DIRO alerte une nouvelle fois"},"content":{"rendered":"<p>Un v\u00e9hicule de la Diro, la Direction des routes, a \u00e9t\u00e9 percut\u00e9 par un camion jeudi 5 mars 2026 sur la RN 24 \u00e0 hauteur de Le Rheu, pr\u00e8s de Rennes. Il n&rsquo;y a pas eu de bless\u00e9s mais la DIRO lance un nouvel appel \u00e0 la prudence.<\/p>\n<p>C&rsquo;est le quatri\u00e8me accident depuis le d\u00e9but de l&rsquo;ann\u00e9e 2026 impliquant un v\u00e9hicule de la DIRO, la Direction interr\u00e9gionale des routes de l&rsquo;Ouest. <strong>Ce jeudi 5 mars, \u00e0 7h, un fourgon de la DIRO a \u00e9t\u00e9 percut\u00e9 violemment sur la RN24 par un poids lourd au niveau de Le Rheu<\/strong>, dans le sens Lorient-Rennes.\u00a0 Il s\u00e9curisait un v\u00e9hicule en panne sur la chauss\u00e9e. Heureusement, il n&rsquo;y a pas eu de bless\u00e9s.<\/p>\n<p>La DIRO alerte une nouvelle fois sur les risques que prennent leurs agents d&rsquo;intervention sur les routes alors que de nombreux accidents sont \u00e0 d\u00e9plorer. Pas moins de 22 sont \u00e0 d\u00e9plorer sur du mat\u00e9riel en 2025. La Direction des routes rappelle qu&rsquo;en cas de\u00a0v\u00e9hicule en intervention, un corridor de s\u00e9curit\u00e9 est obligatoire et que <strong>les automobilistes doivent ralentir ou changer de voie si possible.<\/strong><\/p>\n<p>   (function(w, d) {     if (w.FB &#038;&#038; w.FB.XFBML &#038;&#038; w.FB.XFBML.parse) {         if (&lsquo;undefined&rsquo; == typeof w.__fbTimeout) {             w.__fbTimeout = setTimeout(function() {                 w.FB.XFBML.parse();                 w.__fbTimeout = undefined;             }, 1000);         }     } else if (&lsquo;undefined&rsquo; == typeof w.__fbTimeout) {         if (d.querySelectorAll(&lsquo;#fb-root&rsquo;).length === 0) {             var fbRoot = d.createElement(&lsquo;div&rsquo;);             fbRoot.id = &lsquo;fb-root&rsquo;;             d.querySelector(&lsquo;body&rsquo;).append(fbRoot);         }         if (d.querySelectorAll(&lsquo;#facebook-jssdk&rsquo;).length === 0) {             var fbScript = d.createElement(&lsquo;script&rsquo;);             fbScript.id = &lsquo;facebook-jssdk&rsquo;;             fbScript.src=\u00a0\u00bb\/\/connect.facebook.net\/fr_FR\/sdk.js#xfbml=1&#038;version=v2.8&#038;appId=593991304071705&Prime;;             fbScript.async = 1;             d.querySelector(&lsquo;head&rsquo;).append(fbScript);         }     } })(window, window.document); \\u003C\/script>\\\u00a0\u00bb,\\\u00a0\u00bbprovider\\\u00a0\u00bb:\\\u00a0\u00bbfacebook\\\u00a0\u00bb,\\\u00a0\u00bbdidomiPurposes\\\u00a0\u00bb:\\\u00a0\u00bbPour afficher ce contenu Facebook, vous devez accepter les cookies \\u003Cb>R\u00e9seaux Sociaux\\u003C\/b>.\\u003Cbr>\\u003Cbr>Ces cookies permettent de partager ou r\u00e9agir directement sur les r\u00e9seaux sociaux auxquels vous \u00eates connect\u00e9s ou d&rsquo;int\u00e9grer du contenu initialement post\u00e9 sur ces r\u00e9seaux sociaux. Ils permettent aussi aux r\u00e9seaux sociaux d&rsquo;utiliser vos visites sur nos sites et applications \u00e0 des fins de personnalisation et de ciblage publicitaire.\\\u00a0\u00bb,\\\u00a0\u00bbdidomiVendorId\\\u00a0\u00bb:\\\u00a0\u00bbc:facebookc-rgacRMQm\\\u00a0\u00bb}},{\\\u00a0\u00bbtype\\\u00a0\u00bb:\\\u00a0\u00bbembed\\\u00a0\u00bb,\\\u00a0\u00bbdata\\\u00a0\u00bb:{\\\u00a0\u00bbhtml\\\u00a0\u00bb:\\\u00a0\u00bb\\u003Ciframe loading=\\\\\\\u00a0\u00bblazy\\\\\\\u00a0\u00bb class=\\\\\\\u00a0\u00bbGoogleMap\\\\\\\u00a0\u00bb width=\\\\\\\u00a0\u00bb100%\\\\\\\u00a0\u00bb height=\\\\\\\u00a0\u00bb400\\\\\\\u00a0\u00bb src=\\\\\\\u00a0\u00bbhttps:\/\/www.google.com\/maps\/embed?pb=!1m18!1m12!1m3!1d42634.84124855536!2d-1.8293762443391022!3d48.097163511594346!2m3!1f0!2f0!3f0!3m2!1i1024!2i768!4f13.1!3m3!1m2!1s0x480ee22f456072d9%3A0x40ca5cd36e4ab10!2s35650%20Le%20Rheu!5e0!3m2!1sen!2sfr!4v1772724912622!5m2!1sen!2sfr\\\\\\\u00a0\u00bb frameborder=\\\\\\\u00a0\u00bb0\\\\\\\u00a0\u00bb scrolling=\\\\\\\u00a0\u00bbno\\\\\\\u00a0\u00bb allowfullscreen>\\u003C\/iframe>\\\u00a0\u00bb,\\\u00a0\u00bbprovider\\\u00a0\u00bb:\\\u00a0\u00bbGoogleMaps\\\u00a0\u00bb,\\\u00a0\u00bbdidomiPurposes\\\u00a0\u00bb:\\\u00a0\u00bbPour afficher ce contenu Google Maps, vous devez accepter les cookies \\u003Cb>Mesure d&rsquo;audience\\u003C\/b>.\\u003Cbr>\\u003Cbr>Ces cookies permettent d\u2019obtenir des statistiques d\u2019audience sur nos offres afin d\u2019optimiser son ergonomie, sa navigation et ses contenus.\\\u00a0\u00bb,\\\u00a0\u00bbdidomiVendorId\\\u00a0\u00bb:\\\u00a0\u00bbc:googlemap-HiMZNJ7q\\\u00a0\u00bb}}]}},\\\u00a0\u00bbdisplay\\\u00a0\u00bb:{\\\u00a0\u00bbhighBanner\\\u00a0\u00bb:true}}\u00a0\u00bb}<\/p>\n","protected":false},"excerpt":{"rendered":"Un v\u00e9hicule de la Diro, la Direction des routes, a \u00e9t\u00e9 percut\u00e9 par un camion jeudi 5 mars&hellip;\n","protected":false},"author":2,"featured_media":777708,"comment_status":"","ping_status":"","sticky":false,"template":"","format":"standard","meta":{"footnotes":"","_share_on_mastodon":"0"},"categories":[2821],"tags":[1111,11,829,1777,674,1011,27,12,584,25],"class_list":["post-777707","post","type-post","status-publish","format-standard","has-post-thumbnail","category-rennes","tag-actu","tag-actualites","tag-bretagne","tag-eu","tag-europe","tag-fr","tag-france","tag-news","tag-rennes","tag-republique-francaise"],"share_on_mastodon":{"url":"https:\/\/pubeurope.com\/@fr\/116177397685135103","error":""},"_links":{"self":[{"href":"https:\/\/www.europesays.com\/fr\/wp-json\/wp\/v2\/posts\/777707","targetHints":{"allow":["GET"]}}],"collection":[{"href":"https:\/\/www.europesays.com\/fr\/wp-json\/wp\/v2\/posts"}],"about":[{"href":"https:\/\/www.europesays.com\/fr\/wp-json\/wp\/v2\/types\/post"}],"author":[{"embeddable":true,"href":"https:\/\/www.europesays.com\/fr\/wp-json\/wp\/v2\/users\/2"}],"replies":[{"embeddable":true,"href":"https:\/\/www.europesays.com\/fr\/wp-json\/wp\/v2\/comments?post=777707"}],"version-history":[{"count":0,"href":"https:\/\/www.europesays.com\/fr\/wp-json\/wp\/v2\/posts\/777707\/revisions"}],"wp:featuredmedia":[{"embeddable":true,"href":"https:\/\/www.europesays.com\/fr\/wp-json\/wp\/v2\/media\/777708"}],"wp:attachment":[{"href":"https:\/\/www.europesays.com\/fr\/wp-json\/wp\/v2\/media?parent=777707"}],"wp:term":[{"taxonomy":"category","embeddable":true,"href":"https:\/\/www.europesays.com\/fr\/wp-json\/wp\/v2\/categories?post=777707"},{"taxonomy":"post_tag","embeddable":true,"href":"https:\/\/www.europesays.com\/fr\/wp-json\/wp\/v2\/tags?post=777707"}],"curies":[{"name":"wp","href":"https:\/\/api.w.org\/{rel}","templated":true}]}}