{"id":77778,"date":"2025-05-05T22:44:08","date_gmt":"2025-05-05T22:44:08","guid":{"rendered":"https:\/\/www.europesays.com\/fr\/77778\/"},"modified":"2025-05-05T22:44:08","modified_gmt":"2025-05-05T22:44:08","slug":"donald-trump-sinvite-a-la-table-de-c-a-vous-et-le-visage-de-natalie-portman-dit-tout-de-ce-quelle-pense-vraiment","status":"publish","type":"post","link":"https:\/\/www.europesays.com\/fr\/77778\/","title":{"rendered":"Donald Trump s\u2019invite \u00e0 la table de C \u00e0 vous et le visage de Natalie Portman dit tout de ce qu\u2019elle pense vraiment"},"content":{"rendered":"<p>Venue faire la promotion de son nouveau film Fountain of<br \/>\nYouth, Natalie Portman a marqu\u00e9 les esprits sur le plateau de<br \/>\n<a href=\"https:\/\/www.closermag.fr\/tv-tele-realite\/c-a-vous\" target=\"_blank\" rel=\"noopener\">C \u00e0<br \/>\nvous,<\/a> ce lundi 5 mai. Face \u00e0 une remarque sur Donald<br \/>\nTrump, l\u2019actrice est rest\u00e9e silencieuse\u2026 mais son visage a tout<br \/>\nexprim\u00e9.<\/p>\n<p>Alors qu\u2019elle \u00e9voquait son attachement \u00e0 la France et sa<br \/>\nparticipation \u00e0 La Grande Librairie, Natalie Portman a<br \/>\nconfi\u00e9 son admiration pour Augustin Trapenard. \u201cAugustin est<br \/>\nune l\u00e9gende (\u2026) j\u2019aimerais qu\u2019on ait une \u00e9mission comme \u00e7a aux<br \/>\n\u00c9tats-Unis\u201d, a-t-elle d\u00e9clar\u00e9. Une sortie salu\u00e9e par<br \/>\nAnne-\u00c9lisabeth Lemoine, qui rappelle l\u2019importance du service<br \/>\npublic. Mais la discussion a d\u00e9rap\u00e9 lorsque Patrick Cohen a l\u00e2ch\u00e9 :<br \/>\n\u201cEt Trump vient de couper les cr\u00e9dits.\u201d L\u2019actrice a<br \/>\nr\u00e9pliqu\u00e9, ironique : \u201cQuelle surprise.\u201d Puis, plus rien.<br \/>\nRegard fig\u00e9, mine ferm\u00e9e. L\u2019ambiance a chang\u00e9 d\u2019un coup.<\/p>\n<p>Natalie Portman sous tension\u00a0<\/p>\n<p>Natalie Portman n\u2019a pas eu besoin d\u2019en dire plus. Son silence,<br \/>\nson regard dans le vide, ont suffi \u00e0 faire comprendre ce qu\u2019elle<br \/>\npensait vraiment. La sc\u00e8ne a montr\u00e9 une actrice concern\u00e9e et<br \/>\nvisiblement troubl\u00e9e par le climat politique dans son pays. En<br \/>\nquelques secondes, le plateau de C \u00e0 vous a chang\u00e9.<\/p>\n<p>Venue promouvoir son nouveau film r\u00e9alis\u00e9 par Guy Ritchie,<br \/>\nNatalie Portman a aussi parl\u00e9 de litt\u00e9rature. Passionn\u00e9e, elle<br \/>\ntient un club de lecture et partage ses coups de c\u0153ur avec sa<br \/>\ncommunaut\u00e9. Un engagement culturel fort, \u00e0 l\u2019oppos\u00e9 de ce que<br \/>\nrepr\u00e9sente <a href=\"https:\/\/www.closermag.fr\/bio-people\/donald-trump\" target=\"_blank\" rel=\"noopener\">Donald Trump<\/a><br \/>\n\u00e0 ses yeux. Son attachement \u00e0 la culture a \u00e9t\u00e9 \u00e9vident tout au long<br \/>\nde l\u2019\u00e9mission.<\/p>\n<p>Pas la seule entre Paris et les<br \/>\n\u00c9tats-Unis<\/p>\n<p>Natalie Portman n\u2019est pas la seule \u00e0 avoir \u00e9voqu\u00e9 le climat<br \/>\nam\u00e9ricain. <a href=\"https:\/\/www.closermag.fr\/people\/malgre-les-annees-trump-exilee-aux-usa-charlotte-gainsbourg-ne-fait-pas-dans-la-dentelle-3539491\" target=\"_blank\" rel=\"noopener\"><br \/>\nCharlotte Gainsbourg<\/a>, s\u2019est elle aussi confi\u00e9e au Parisien sur<br \/>\nles effets de l\u2019\u00e8re Trump. Elle a rappel\u00e9 avoir v\u00e9cu \u00e0 New York<br \/>\npendant plusieurs ann\u00e9es, notamment apr\u00e8s la mort de sa s\u0153ur.<br \/>\n\u201cMalgr\u00e9 les ann\u00e9es Trump du d\u00e9but, c\u2019\u00e9tait des ann\u00e9es de<br \/>\nbonheur absolu\u201d, a-t-elle expliqu\u00e9. La com\u00e9dienne s\u2019est<br \/>\nensuite r\u00e9install\u00e9e \u00e0 Paris avec Yvan Attal et leurs enfants. Mais<br \/>\nelle n\u2019exclut pas de repartir. \u201cC\u2019est compliqu\u00e9 de trouver un<br \/>\npays o\u00f9 on peut se sentir vivre et travailler\u201d, a-t-elle<br \/>\nconfi\u00e9.\u00a0<\/p>\n<p>L\u2019\u00e9change sur le plateau a \u00e9t\u00e9 bref, mais r\u00e9v\u00e9lateur. Natalie<br \/>\nPortman, sans hausser le ton, a exprim\u00e9 tout son d\u00e9saccord. Son<br \/>\n\u201cquelle surprise\u201d a r\u00e9sonn\u00e9 comme un constat amer. Son<br \/>\nregard, lui, disait le reste. Une s\u00e9quence qui a rappel\u00e9 que la<br \/>\npolitique am\u00e9ricaine s\u2019invite partout\u2026 m\u00eame \u00e0 l\u2019heure du d\u00eener sur<br \/>\nFrance 5.<\/p>\n","protected":false},"excerpt":{"rendered":"Venue faire la promotion de son nouveau film Fountain of Youth, Natalie Portman a marqu\u00e9 les esprits sur&hellip;\n","protected":false},"author":2,"featured_media":77779,"comment_status":"","ping_status":"","sticky":false,"template":"","format":"standard","meta":{"footnotes":""},"categories":[8],"tags":[548,10498,58,75,59,1011,27,1550],"class_list":{"0":"post-77778","1":"post","2":"type-post","3":"status-publish","4":"format-standard","5":"has-post-thumbnail","7":"category-divertissement","8":"tag-article-simple","9":"tag-charlotte-gainsbourg","10":"tag-divertissement","11":"tag-donald-trump","12":"tag-entertainment","13":"tag-fr","14":"tag-france","15":"tag-natalie-portman"},"share_on_mastodon":{"url":"https:\/\/pubeurope.com\/@fr\/114457651706968239","error":""},"_links":{"self":[{"href":"https:\/\/www.europesays.com\/fr\/wp-json\/wp\/v2\/posts\/77778","targetHints":{"allow":["GET"]}}],"collection":[{"href":"https:\/\/www.europesays.com\/fr\/wp-json\/wp\/v2\/posts"}],"about":[{"href":"https:\/\/www.europesays.com\/fr\/wp-json\/wp\/v2\/types\/post"}],"author":[{"embeddable":true,"href":"https:\/\/www.europesays.com\/fr\/wp-json\/wp\/v2\/users\/2"}],"replies":[{"embeddable":true,"href":"https:\/\/www.europesays.com\/fr\/wp-json\/wp\/v2\/comments?post=77778"}],"version-history":[{"count":0,"href":"https:\/\/www.europesays.com\/fr\/wp-json\/wp\/v2\/posts\/77778\/revisions"}],"wp:featuredmedia":[{"embeddable":true,"href":"https:\/\/www.europesays.com\/fr\/wp-json\/wp\/v2\/media\/77779"}],"wp:attachment":[{"href":"https:\/\/www.europesays.com\/fr\/wp-json\/wp\/v2\/media?parent=77778"}],"wp:term":[{"taxonomy":"category","embeddable":true,"href":"https:\/\/www.europesays.com\/fr\/wp-json\/wp\/v2\/categories?post=77778"},{"taxonomy":"post_tag","embeddable":true,"href":"https:\/\/www.europesays.com\/fr\/wp-json\/wp\/v2\/tags?post=77778"}],"curies":[{"name":"wp","href":"https:\/\/api.w.org\/{rel}","templated":true}]}}