{"id":77788,"date":"2025-05-05T22:49:09","date_gmt":"2025-05-05T22:49:09","guid":{"rendered":"https:\/\/www.europesays.com\/fr\/77788\/"},"modified":"2025-05-05T22:49:09","modified_gmt":"2025-05-05T22:49:09","slug":"on-vous-explique-ce-terrible-syndrome-du-bebe-oublie","status":"publish","type":"post","link":"https:\/\/www.europesays.com\/fr\/77788\/","title":{"rendered":"on vous explique ce terrible syndrome du b\u00e9b\u00e9 oubli\u00e9"},"content":{"rendered":"<p>            Par<br \/>\n        <strong><br \/>\n            <a href=\"https:\/\/actu.fr\/auteur\/maxime-ponsot\" title=\"Consulter tous les articles de Maxime Ponsot\" rel=\"nofollow noopener\" target=\"_blank\">Maxime Ponsot<\/a><br \/>\n        <\/strong><\/p>\n<p>        Publi\u00e9 le<\/p>\n<p>            5 mai 2025 \u00e0 20h05        <\/p>\n<p><a href=\"https:\/\/actu.fr\/ile-de-france\/grandpuits-bailly-carrois_77211\/seine-et-marne-une-enquete-ouverte-apres-la-mort-dun-bebe-de-3-mois-oublie-dans-une-voiture-sur-un-parking_62592930.html\" rel=\"nofollow noopener\" target=\"_blank\">Un b\u00e9b\u00e9 de 3 mois a succomb\u00e9 aux fortes chaleurs,<\/a> mardi 29\u00a0avril 2025, sur un parking \u00e0 Grandpuits-Bailly-Carrois (Seine-et-Marne), alors qu\u2019il se trouvait dans la voiture de son p\u00e8re, en stationnement sur son lieu de travail.<\/p>\n<p class=\" wall-content\"><a href=\"https:\/\/actu.fr\/ile-de-france\/grandpuits-bailly-carrois_77211\/seine-et-marne-une-enquete-ouverte-apres-la-mort-dun-bebe-de-3-mois-oublie-dans-une-voiture-sur-un-parking_62592930.html\" rel=\"nofollow noopener\" target=\"_blank\">Contact\u00e9 par La R\u00e9publique de Seine-et-Marne,<\/a> le parquet de Melun a indiqu\u00e9 qu\u2019une enqu\u00eate avait \u00e9t\u00e9 ouverte pour homicide involontaire, afin de pr\u00e9ciser les circonstances des faits.<\/p>\n<p class=\" wall-content\">On ne sait donc pas encore s\u2019il s\u2019agit l\u00e0 d\u2019un r\u00e9el oubli. Un type d\u2019histoires qui revient tous les ans dans les rubriques de faits divers. \u00c0 tel point qu\u2019un nom a \u00e9t\u00e9 donn\u00e9 \u00e0 ce ph\u00e9nom\u00e8ne\u2009:<strong> \u00ab\u2009le syndrome du b\u00e9b\u00e9 oubli\u00e9.\u2009\u00bb<\/strong><\/p>\n<p>Qu\u2019est-ce que ce syndrome ?<\/p>\n<p class=\" wall-content\"><strong>Le syndrome du \u00ab\u00a0b\u00e9b\u00e9 oubli\u00e9\u00a0\u00bb<\/strong> est g\u00e9n\u00e9ralement le fait des parents, soit le p\u00e8re, soit la m\u00e8re. Mais il peut aussi l\u2019\u00eatre par un autre r\u00e9f\u00e9rent qui s\u2019occupe de l\u2019enfant, souligne Aline Nativel Id Hammou, psychologue clinicienne et psychoth\u00e9rapeute \u00e0 Nanterre (Hauts-de-Seine), interrog\u00e9e par <a href=\"https:\/\/actu.fr\" rel=\"nofollow noopener\" target=\"_blank\">actu.fr<\/a>.<\/p>\n<p class=\" wall-content\">Et, contrairement \u00e0 ce que l\u2019on peut parfois penser, \u00ab\u2009ce ne sont pas forc\u00e9ment des parents qui sont \u00e9tiquet\u00e9s n\u00e9gligents ou maltraitants\u2009\u00bb.<\/p>\n<p>Vid\u00e9os : en ce moment sur Actu<\/p>\n<p class=\" wall-content\">Comment bien d\u00e9finir ce syndrome\u2009? \u00ab\u2009Premi\u00e8re chose, il faut bien cat\u00e9goriser \u201cb\u00e9b\u00e9\u201d\u2009: de 0 \u00e0 12\u00a0mois. Car <strong>c\u2019est un \u00e2ge<\/strong> ou le b\u00e9b\u00e9 ne peut pas r\u00e9agir, confront\u00e9 au fait qu\u2019on l\u2019oublie, il n\u2019a pas les capacit\u00e9s de conscience et de r\u00e9action et de s\u2019apercevoir qu\u2019il est laiss\u00e9 seul \u00e0 un endroit\u2009\u00bb, explique-t-elle.<\/p>\n<p class=\" wall-content\">En somme, un nourrisson n\u2019a pas vraiment le \u00ab\u2009r\u00e9flexe\u2009\u00bb de se manifester, du moins \u00ab\u2009pas avant d\u2019avoir faim, froid ou chaud, ce qui peut le faire pleurer\u2009\u00bb. \u00ab\u2009Il ne va pas avoir de point d\u2019alerte, alors qu\u2019il pourrait l\u2019avoir plus tard\u2009: par exemple, \u00e0 2 ou 3 ans, il pourrait crier ou taper \u00e0 la fen\u00eatre, ce qui pourrait d\u2019ailleurs alerter d\u2019autres adultes, alors qu\u2019un b\u00e9b\u00e9 on le remarque moins\u2009\u00bb, ajoute la professionnelle de sant\u00e9.<\/p>\n<p class=\" wall-content\">L\u2019autre aspect du syndrome, \u00ab\u2009<strong>la question de \u201cl\u2019oubli\u201d<\/strong>\u2009: c\u2019est qu\u2019il n\u2019y a pas de volont\u00e9, pas d\u2019intention de faire du mal\u2009\u00bb, reprend Aline Nativel Id Hammou. D\u2019ailleurs, \u00ab\u2009on parle souvent de la voiture, mais cela peut arriver dans d\u2019autres contextes, comme l\u2019oubli \u00e0 la cr\u00e8che, \u00e0 l\u2019\u00e9cole, ou dans d\u2019autres lieux, qui correspondent \u00e0 des tranches d\u2019\u00e2ges diff\u00e9rentes\u2009\u00bb.<\/p>\n<blockquote class=\"ac-article-quote wall-content\">\n<p>Dans le cas de la voiture, c\u2019est malheureusement plus dangereux et \u00e7a peut avoir des effets graves voire dramatiques sur la sant\u00e9 de l\u2019enfant, du fait de sa vuln\u00e9rabilit\u00e9 physiologique, car peu immunis\u00e9. Sa survie est plus mise en danger.<\/p>\n<p>    <strong>Aline Nativel Id Hammou<\/strong><br \/>\n        psychologue clinicienne et psychoth\u00e9rapeute    <\/p><\/blockquote>\n<p>Comment l\u2019expliquer\u2009?<\/p>\n<p class=\" wall-content\">Mais alors comment un tel oubli peut-il arriver\u2009? \u00ab\u2009Beaucoup de chercheurs se sont int\u00e9ress\u00e9s \u00e0 la question, parce que cela peut para\u00eetre incroyable\u2009\u00bb, reconna\u00eet Aline Nativel Id Hammou. \u00ab\u2009Et ils ont mis en avant les questions des m\u00e9moires.\u2009\u00bb<\/p>\n<p class=\" wall-content\">En particulier deux types. D\u2019abord, \u00ab\u2009<strong>la m\u00e9moire des habitudes<\/strong>\u2009\u00bb, c\u2019est-\u00e0-dire \u00ab\u2009un peu robotique, en mode pilote automatique, les routines, avec des horaires, des t\u00e2ches\u2026\u2009\u00bb. Et \u00ab\u2009l\u2019autre m\u00e9moire qui va entrer en collision avec celle-ci, <strong>la m\u00e9moire prospective<\/strong>\u2009\u00bb, soit \u00ab\u2009toutes les t\u00e2ches qui sont \u00e0 faire dans le futur et non pas forc\u00e9ment programm\u00e9es dans la journ\u00e9e\u2009\u00bb.<\/p>\n<p class=\" wall-content\">\u00ab\u2009Ce qui se passe dans ces situations, c\u2019est que la m\u00e9moire de l\u2019habitude va l\u2019emporter sur la prospective\u2009\u00bb, explique la psychologue clinicienne et psychoth\u00e9rapeute, qui pr\u00e9cise que cela se produit la plupart du temps dans un contexte. Plus pr\u00e9cis\u00e9ment, une perte de rep\u00e8res ou une perturbation.<\/p>\n<blockquote class=\"ac-article-quote wall-content\">\n<p>Souvent, ce qui revient dans les t\u00e9moignages des parents, ce sont les notions de stress, de fatigue. Cela peut aussi \u00eatre associ\u00e9 \u00e0 une distraction tr\u00e8s forte, des troubles de l\u2019attention ou de la concentration li\u00e9s \u00e0 un \u00e9v\u00e8nement, comme un appel inattendu, un m\u00eame \u00e9l\u00e9ment visuel&#8230; Quelque chose qui va d\u00e9concentrer fortement et d\u00e9poss\u00e9der le parent du sch\u00e9ma qu\u2019il \u00e9tait en train de mettre en place.<\/p>\n<p>    <strong>Aline Nativel Id Hammou<\/strong><br \/>\n        psychologue clinicienne et psychoth\u00e9rapeute    <\/p><\/blockquote>\n<p class=\" wall-content\">Ainsi, \u00ab\u2009la m\u00e9moire des habitudes va \u00e9craser un peu celle de prospective\u2009\u00bb, poursuit la professionnelle de sant\u00e9. \u00ab\u2009Par exemple, un parent qui peut \u00eatre pr\u00e9occup\u00e9 pendant 15\u00a0jours par un fait professionnel, qui n\u2019\u00e9tait cens\u00e9 l\u2019emmener car ce n\u2019est pas lui d\u2019habitude ce jour-l\u00e0, qui rentre dans sa routine, puis monte dans son bureau \u00e0 son travail en oubliant qu\u2019il laisse un b\u00e9b\u00e9 dans sa voiture\u2009\u00bb, illustre-t-elle.<\/p>\n<p class=\" wall-content\">Ou, \u00e0 l\u2019inverse, un parent qui oublie son enfant parce qu\u2019il est au travail et, \u00ab\u2009sur les coups de 18\u2009h\u200930, la cr\u00e8che l\u2019appelle car il n\u2019est pas venu le chercher\u2009\u00bb. Autre cas de figure, heureusement aux cons\u00e9quences moins lourdes.<\/p>\n<p>Erreur mortelle<\/p>\n<p class=\" wall-content\">Dans tous les cas, \u00ab\u2009quelle qu\u2019en soit la raison, un enfant ne doit jamais \u00eatre laiss\u00e9 seul dans une voiture\u2009\u00bb, rappelle <a href=\"https:\/\/mobile.interieur.gouv.fr\/Archives\/Archives-de-la-rubrique-Ma-securite\/Avec-votre-vehicule\/Chaleur-quels-reflexes-adopter-en-voiture-avec-des-enfants\" rel=\"nofollow noopener\" target=\"_blank\">le minist\u00e8re de l\u2019Int\u00e9rieur<\/a>. Pour cause, \u00ab\u2009les temp\u00e9ratures \u00e0 l\u2019int\u00e9rieur d\u2019un v\u00e9hicule peuvent grimper excessivement vite\u2009\u00bb. D\u2019autant plus l\u2019\u00e9t\u00e9, lorsqu\u2019il fait chaud ou en p\u00e9riode de canicule.<\/p>\n<blockquote class=\"ac-article-quote wall-content\">\n<p>A fortiori, si la temp\u00e9rature ext\u00e9rieure est particuli\u00e8rement \u00e9lev\u00e9e, elle grimpera encore plus vite \u00e0 l\u2019int\u00e9rieur de l\u2019habitacle d\u2019un v\u00e9hicule.<\/p>\n<p>    <strong>Minist\u00e8re de l&rsquo;Int\u00e9rieur<\/strong>\n            <\/p><\/blockquote>\n<p class=\" wall-content\">En fait, m\u00eame quand <a href=\"https:\/\/actu.fr\/meteo\/quel-temps-fera-t-il-cet-ete-meteo-france-devoile-ses-premieres-tendances-pour-mai-juin-et-juillet_62587077.html\" rel=\"nofollow noopener\" target=\"_blank\">ce n\u2019est pas (encore) le cas, comme en ce moment<\/a>. \u00ab\u2009Alors m\u00eame qu\u2019une temp\u00e9rature ext\u00e9rieure peut \u00eatre jug\u00e9e temp\u00e9r\u00e9e, de l\u2019ordre de 15 \u00e0 20\u00a0\u00b0C, elle peut monter jusqu\u2019\u00e0 45\u00a0\u00b0C en moins d\u2019une demi-heure dans une voiture\u2009\u00bb, appuie le gouvernement.<\/p>\n<p class=\" wall-content\">Ainsi, avec une temp\u00e9rature ext\u00e9rieure de 26\u00a0\u00b0C, <a href=\"https:\/\/actu.fr\/societe\/mort-d-un-bebe-oublie-dans-une-voiture-dix-minutes-suffisent-pour-tuer-un-jeune-enfant_61233098.html\" rel=\"nofollow noopener\" target=\"_blank\">dix minutes suffisent pour provoquer la mort d\u2019un jeune enfant dans un v\u00e9hicule<\/a>. La r\u00e9gulation thermique des b\u00e9b\u00e9s n\u2019\u00e9tant pas adapt\u00e9e \u00e0 des temp\u00e9ratures extr\u00eames, l\u2019hyperthermie ou le \u00ab\u2009coup de chaleur\u2009\u00bb peut rapidement survenir.<\/p>\n<p>La loi vous prot\u00e8ge si vous brisez la vitre d\u2019une voiture<\/p>\n<p>En France, le gouvernement rappelle le bon sens : si vous voyez un enfant seul \u00e0 l\u2019int\u00e9rieur d\u2019un v\u00e9hicule, vous pouvez appeler les secours, d\u00e9j\u00e0, mais aussi briser une vitre de la voiture si la situation le n\u00e9cessite et qu&rsquo;il pr\u00e9sente les signes d\u2019un coup de chaleur. La loi vous prot\u00e8ge (Article\u00a0122-7 du Code p\u00e9nal).<br \/>Si l\u2019enfant pr\u00e9sente des sympt\u00f4mes,\u2009sortez\u2010le le plus rapidement possible, rafra\u00eechissez\u2010le et hydratez\u2010le au plus vite.<\/p>\n<p>Homicide involontaire<\/p>\n<p class=\" wall-content\">Comme <a href=\"https:\/\/actu.fr\/faits-divers\/c-est-quoi-le-syndrome-du-bebe-oublie-dans-les-voitures_52635520.html\" rel=\"nofollow noopener\" target=\"_blank\">stipul\u00e9 dans un ancien article<\/a>, il n\u2019existe pas en France de disposition juridique sanctionnant, en tant que tel, le fait de laisser seul un enfant dans un v\u00e9hicule.\u00a0En cas de poursuite, c\u2019est g\u00e9n\u00e9ralement le d\u00e9lit d\u2019homicide involontaire qui est retenu.<\/p>\n<p class=\" wall-content\">Mais dans les faits, la majorit\u00e9 de ces proc\u00e9dures sont class\u00e9es sans suite.\u00a0<\/p>\n<p class=\" wall-content\">Suivez toute l\u2019actualit\u00e9 de vos villes et m\u00e9dias favoris en vous inscrivant \u00e0 <a href=\"https:\/\/moncompte.actu.fr\" title=\"D\u00e9couvez Mon Actu\" rel=\"nofollow noopener\" data-trk=\"{&quot;cta&quot;:{&quot;action&quot;:&quot;https:\\\/\\\/moncompte.actu.fr&quot;,&quot;category&quot;:&quot;mon compte&quot;,&quot;from&quot;:&quot;article footer&quot;,&quot;name&quot;:&quot;Mon actu&quot;,&quot;type&quot;:&quot;cta&quot;}}\" target=\"_blank\">Mon Actu<\/a>.<\/p>\n","protected":false},"excerpt":{"rendered":"Par Maxime Ponsot Publi\u00e9 le 5 mai 2025 \u00e0 20h05 Un b\u00e9b\u00e9 de 3 mois a succomb\u00e9 aux&hellip;\n","protected":false},"author":2,"featured_media":77789,"comment_status":"","ping_status":"","sticky":false,"template":"","format":"standard","meta":{"footnotes":""},"categories":[2],"tags":[11,646,1057,1719,118,1011,27,12],"class_list":{"0":"post-77788","1":"post","2":"type-post","3":"status-publish","4":"format-standard","5":"has-post-thumbnail","7":"category-actualites","8":"tag-actualites","9":"tag-automobile","10":"tag-education","11":"tag-enfants","12":"tag-faits-divers","13":"tag-fr","14":"tag-france","15":"tag-news"},"share_on_mastodon":{"url":"https:\/\/pubeurope.com\/@fr\/114457671431689318","error":""},"_links":{"self":[{"href":"https:\/\/www.europesays.com\/fr\/wp-json\/wp\/v2\/posts\/77788","targetHints":{"allow":["GET"]}}],"collection":[{"href":"https:\/\/www.europesays.com\/fr\/wp-json\/wp\/v2\/posts"}],"about":[{"href":"https:\/\/www.europesays.com\/fr\/wp-json\/wp\/v2\/types\/post"}],"author":[{"embeddable":true,"href":"https:\/\/www.europesays.com\/fr\/wp-json\/wp\/v2\/users\/2"}],"replies":[{"embeddable":true,"href":"https:\/\/www.europesays.com\/fr\/wp-json\/wp\/v2\/comments?post=77788"}],"version-history":[{"count":0,"href":"https:\/\/www.europesays.com\/fr\/wp-json\/wp\/v2\/posts\/77788\/revisions"}],"wp:featuredmedia":[{"embeddable":true,"href":"https:\/\/www.europesays.com\/fr\/wp-json\/wp\/v2\/media\/77789"}],"wp:attachment":[{"href":"https:\/\/www.europesays.com\/fr\/wp-json\/wp\/v2\/media?parent=77788"}],"wp:term":[{"taxonomy":"category","embeddable":true,"href":"https:\/\/www.europesays.com\/fr\/wp-json\/wp\/v2\/categories?post=77788"},{"taxonomy":"post_tag","embeddable":true,"href":"https:\/\/www.europesays.com\/fr\/wp-json\/wp\/v2\/tags?post=77788"}],"curies":[{"name":"wp","href":"https:\/\/api.w.org\/{rel}","templated":true}]}}