{"id":77793,"date":"2025-05-05T22:52:13","date_gmt":"2025-05-05T22:52:13","guid":{"rendered":"https:\/\/www.europesays.com\/fr\/77793\/"},"modified":"2025-05-05T22:52:13","modified_gmt":"2025-05-05T22:52:13","slug":"lincubateur-public-des-dispositifs-medicaux","status":"publish","type":"post","link":"https:\/\/www.europesays.com\/fr\/77793\/","title":{"rendered":"l\u2019incubateur public des dispositifs m\u00e9dicaux"},"content":{"rendered":"<p>Sur les sentiers de haute montagne, un guide n\u2019est jamais un luxe. Le r\u00e9seau Tech4Health joue ce r\u00f4le d\u2019\u00e9claireur et de sherpa dans le tentaculaire secteur de l\u2019industrie m\u00e9dicale. Bas\u00e9 \u00e0 Nancy, il propose ses services aux entreprises, chercheurs et laboratoires innovant dans la division des dispositifs m\u00e9dicaux, qui va du masque chirurgical au pacemaker. Il se veut un facilitateur et un acc\u00e9l\u00e9rateur dans un environnement de plus en plus abscons. Labellise\u0301 par F-CRIN (*) et porte\u0301 par l\u2019Inserm, Tech4Health est une \u00e9manation des Centres d\u2019investigations clinique &#8211; innovation technologique (CIC-IT) voulus en 2008 pour fluidifier le transfert de la recherche vers le monde clinique.<\/p>\n<p>L\u2019id\u00e9e sous-jacente \u00e9tait de r\u00e9duire les d\u00e9perditions de savoirs et de transformer des d\u00e9couvertes scientifiques en p\u00e9pites nationales, tout en restant dans les limites de l\u2019Europe. Le&#8230;<\/p>\n","protected":false},"excerpt":{"rendered":"Sur les sentiers de haute montagne, un guide n\u2019est jamais un luxe. Le r\u00e9seau Tech4Health joue ce r\u00f4le&hellip;\n","protected":false},"author":2,"featured_media":77794,"comment_status":"","ping_status":"","sticky":false,"template":"","format":"standard","meta":{"footnotes":""},"categories":[9635],"tags":[1111,11,33,1777,674,1011,27,775,693,5362,224,3457,1702,12,3456,25,71],"class_list":{"0":"post-77793","1":"post","2":"type-post","3":"status-publish","4":"format-standard","5":"has-post-thumbnail","7":"category-nancy","8":"tag-actu","9":"tag-actualites","10":"tag-economie","11":"tag-eu","12":"tag-europe","13":"tag-fr","14":"tag-france","15":"tag-grand-est","16":"tag-industrie","17":"tag-magazine-sante","18":"tag-medecine","19":"tag-meurthe-et-moselle","20":"tag-nancy","21":"tag-news","22":"tag-region-lorraine","23":"tag-republique-francaise","24":"tag-sante"},"share_on_mastodon":{"url":"https:\/\/pubeurope.com\/@fr\/114457683355093262","error":""},"_links":{"self":[{"href":"https:\/\/www.europesays.com\/fr\/wp-json\/wp\/v2\/posts\/77793","targetHints":{"allow":["GET"]}}],"collection":[{"href":"https:\/\/www.europesays.com\/fr\/wp-json\/wp\/v2\/posts"}],"about":[{"href":"https:\/\/www.europesays.com\/fr\/wp-json\/wp\/v2\/types\/post"}],"author":[{"embeddable":true,"href":"https:\/\/www.europesays.com\/fr\/wp-json\/wp\/v2\/users\/2"}],"replies":[{"embeddable":true,"href":"https:\/\/www.europesays.com\/fr\/wp-json\/wp\/v2\/comments?post=77793"}],"version-history":[{"count":0,"href":"https:\/\/www.europesays.com\/fr\/wp-json\/wp\/v2\/posts\/77793\/revisions"}],"wp:featuredmedia":[{"embeddable":true,"href":"https:\/\/www.europesays.com\/fr\/wp-json\/wp\/v2\/media\/77794"}],"wp:attachment":[{"href":"https:\/\/www.europesays.com\/fr\/wp-json\/wp\/v2\/media?parent=77793"}],"wp:term":[{"taxonomy":"category","embeddable":true,"href":"https:\/\/www.europesays.com\/fr\/wp-json\/wp\/v2\/categories?post=77793"},{"taxonomy":"post_tag","embeddable":true,"href":"https:\/\/www.europesays.com\/fr\/wp-json\/wp\/v2\/tags?post=77793"}],"curies":[{"name":"wp","href":"https:\/\/api.w.org\/{rel}","templated":true}]}}