{"id":77805,"date":"2025-05-05T22:58:17","date_gmt":"2025-05-05T22:58:17","guid":{"rendered":"https:\/\/www.europesays.com\/fr\/77805\/"},"modified":"2025-05-05T22:58:17","modified_gmt":"2025-05-05T22:58:17","slug":"les-175-emplois-sont-finalement-sauves","status":"publish","type":"post","link":"https:\/\/www.europesays.com\/fr\/77805\/","title":{"rendered":"les 175 emplois sont finalement sauv\u00e9s"},"content":{"rendered":"<p>            Par<br \/>\n        <strong><br \/>\n            <a href=\"https:\/\/actu.fr\/auteur\/adrien-filoche\" title=\"Consulter tous les articles de Adrien Filoche\" target=\"_blank\" rel=\"noopener\">Adrien Filoche<\/a><br \/>\n        <\/strong><\/p>\n<p>        Publi\u00e9 le<\/p>\n<p>            5 mai 2025 \u00e0 10h56        <\/p>\n<p><strong>Un rebondissement et un soulagement. <\/strong>Fin mars\u00a02025, des salari\u00e9s de l\u2019entreprise Lubrizol, notamment sur le site de Rouen, avaient entam\u00e9 <a href=\"https:\/\/actu.fr\/normandie\/rouen_76540\/licenciements-chez-lubrizol-en-seine-maritime-des-salaries-plus-qu-en-colere-en-greve-illimitee_62431875.html\" target=\"_blank\" rel=\"noopener\">une gr\u00e8ve illimit\u00e9e<\/a>, faisant suite \u00e0 l\u2019annonce d\u2019un <a href=\"https:\/\/actu.fr\/normandie\/rouen_76540\/lubrizol-un-tiers-des-emplois-va-etre-supprime-a-rouen-l-entreprise-a-une-strategie-tres-capitaliste_62241755.html\" target=\"_blank\" rel=\"noopener\">plan de licenciement<\/a> de<strong> 175 emplois<\/strong> en Seine-Maritime depuis le d\u00e9but de l\u2019ann\u00e9e.<\/p>\n<p class=\" wall-content\">Ce lundi 5\u00a0mai 2025, Lubrizol a annonc\u00e9 aux comit\u00e9s sociaux et \u00e9conomiques (CSE) et aux salari\u00e9s des sites de Rouen et du\u00a0Havre qu\u2019elle \u00ab\u2009mettait fin \u00e0 la proc\u00e9dure de consultation en cours, relative \u00e0 la r\u00e9organisation de leurs activit\u00e9s\u2009\u00bb. Sous la menace d\u2019une suppression, <strong>les 175 postes donc seront bel et bien sauvegard\u00e9s.<\/strong><\/p>\n<p>175 emplois sauv\u00e9s<\/p>\n<p class=\" wall-content\">\u00ab\u2009Le projet initial de restructuration avait \u00e9t\u00e9 envisag\u00e9 suite dans un contexte de n\u00e9cessit\u00e9 de sauvegarde de sa comp\u00e9titivit\u00e9, \u00e0 la suite de la baisse de la demande sur le march\u00e9 europ\u00e9en des additifs qui avait entra\u00een\u00e9 une baisse des volumes de production de Lubrizol France de plus de 30\u2009%\u2009\u00bb, relate <strong>Lubrizol<\/strong> par voie de communiqu\u00e9.<\/p>\n<blockquote class=\"ac-article-quote wall-content\">\n<p>La probl\u00e9matique de baisse des volumes de production et de surcapacit\u00e9 sur les deux sites reste une r\u00e9alit\u00e9, mais nous esp\u00e9rons qu\u2019en travaillant \u00e0 retrouver un environnement de travail productif, nous serons en mesure de faire face \u00e0 ces enjeux externes.<\/p>\n<p>    <strong>Nicolas Adam,<\/strong><br \/>\n        Directeur G\u00e9n\u00e9ral de Lubrizol France et directeur du site du Havre.    <\/p><\/blockquote>\n<p class=\" wall-content\">Finalement, l\u2019entreprise est revenue sur sa d\u00e9cision initiale. De quoi rassurer les salari\u00e9s. Sur les 175 postes qui \u00e9taient menac\u00e9s, on en comptait 140 pour la seule usine de Rouen.<\/p>\n<p>Suivez l\u2019actualit\u00e9 de Rouen sur <a href=\"https:\/\/www.whatsapp.com\/channel\/0029VaKfnf99hXF2ddApFB1D\" target=\"_blank\" rel=\"noopener\">notre cha\u00eene WhatsApp<\/a> et sur <a href=\"https:\/\/www.tiktok.com\/@76actu.fr?lang=fr\" target=\"_blank\" rel=\"noopener\">notre compte TikTok<\/a>Vid\u00e9os : en ce moment sur Actu<\/p>\n<p class=\" wall-content\">Suivez toute l\u2019actualit\u00e9 de vos villes et m\u00e9dias favoris en vous inscrivant \u00e0 <a href=\"https:\/\/moncompte.actu.fr\" title=\"D\u00e9couvez Mon Actu\" rel=\"nofollow noopener\" data-trk=\"{&quot;cta&quot;:{&quot;action&quot;:&quot;https:\\\/\\\/moncompte.actu.fr&quot;,&quot;category&quot;:&quot;mon compte&quot;,&quot;from&quot;:&quot;article footer&quot;,&quot;name&quot;:&quot;Mon actu&quot;,&quot;type&quot;:&quot;cta&quot;}}\" target=\"_blank\">Mon Actu<\/a>.<\/p>\n<p>                    <script async src=\"\/\/www.tiktok.com\/embed.js\"><\/script><\/p>\n","protected":false},"excerpt":{"rendered":"Par Adrien Filoche Publi\u00e9 le 5 mai 2025 \u00e0 10h56 Un rebondissement et un soulagement. Fin mars\u00a02025, des&hellip;\n","protected":false},"author":2,"featured_media":77806,"comment_status":"","ping_status":"","sticky":false,"template":"","format":"standard","meta":{"footnotes":""},"categories":[9587],"tags":[1111,11,33,341,1777,674,1011,27,18327,12,5161,25,9590],"class_list":{"0":"post-77805","1":"post","2":"type-post","3":"status-publish","4":"format-standard","5":"has-post-thumbnail","7":"category-rouen","8":"tag-actu","9":"tag-actualites","10":"tag-economie","11":"tag-emploi","12":"tag-eu","13":"tag-europe","14":"tag-fr","15":"tag-france","16":"tag-lubrizol","17":"tag-news","18":"tag-normandie","19":"tag-republique-francaise","20":"tag-rouen"},"share_on_mastodon":{"url":"https:\/\/pubeurope.com\/@fr\/114457707112499712","error":""},"_links":{"self":[{"href":"https:\/\/www.europesays.com\/fr\/wp-json\/wp\/v2\/posts\/77805","targetHints":{"allow":["GET"]}}],"collection":[{"href":"https:\/\/www.europesays.com\/fr\/wp-json\/wp\/v2\/posts"}],"about":[{"href":"https:\/\/www.europesays.com\/fr\/wp-json\/wp\/v2\/types\/post"}],"author":[{"embeddable":true,"href":"https:\/\/www.europesays.com\/fr\/wp-json\/wp\/v2\/users\/2"}],"replies":[{"embeddable":true,"href":"https:\/\/www.europesays.com\/fr\/wp-json\/wp\/v2\/comments?post=77805"}],"version-history":[{"count":0,"href":"https:\/\/www.europesays.com\/fr\/wp-json\/wp\/v2\/posts\/77805\/revisions"}],"wp:featuredmedia":[{"embeddable":true,"href":"https:\/\/www.europesays.com\/fr\/wp-json\/wp\/v2\/media\/77806"}],"wp:attachment":[{"href":"https:\/\/www.europesays.com\/fr\/wp-json\/wp\/v2\/media?parent=77805"}],"wp:term":[{"taxonomy":"category","embeddable":true,"href":"https:\/\/www.europesays.com\/fr\/wp-json\/wp\/v2\/categories?post=77805"},{"taxonomy":"post_tag","embeddable":true,"href":"https:\/\/www.europesays.com\/fr\/wp-json\/wp\/v2\/tags?post=77805"}],"curies":[{"name":"wp","href":"https:\/\/api.w.org\/{rel}","templated":true}]}}