{"id":77814,"date":"2025-05-05T23:03:40","date_gmt":"2025-05-05T23:03:40","guid":{"rendered":"https:\/\/www.europesays.com\/fr\/77814\/"},"modified":"2025-05-05T23:03:40","modified_gmt":"2025-05-05T23:03:40","slug":"pour-sa-nouvelle-eglise-le-diocese-de-rennes-lance-un-appel-aux-dons-pour-le-mobilier-et-la","status":"publish","type":"post","link":"https:\/\/www.europesays.com\/fr\/77814\/","title":{"rendered":"Pour sa nouvelle \u00e9glise, le dioc\u00e8se de Rennes lance un appel aux dons pour le mobilier et la"},"content":{"rendered":"<p>Le gros \u0153uvre est termin\u00e9 et l\u2019architecture n\u2019a rien de celle d\u2019une \u00e9glise \u00ab\u00a0classique\u00a0\u00bb. Dans <a href=\"https:\/\/rennes.maville.com\/actu\/actudet_-grand-lidl-restaurant-banque-de-nouveaux-commerces-ouvrent-quartier-baud-chardonnet-a-rennes-_52674-6695176_actu.Htm\" target=\"_blank\" rel=\"nofollow noopener\">le nouveau quartier de Baud-Chardonnet<\/a>, \u00e0 Rennes (Ille-et-Vilaine), le dioc\u00e8se va inaugurer en septembre\u00a02025 une nouvelle \u00e9glise qui sera consacr\u00e9e \u00e0 <a href=\"https:\/\/rennes.maville.com\/actu\/actudet_-le-bienheureux-marcel-callo-itineraire-d-un-enfant-rennais-_52674-4969114_actu.Htm\" target=\"_blank\" rel=\"nofollow noopener\">Marcel Callo, jeune typographe rennais mort en 1945 dans le camp nazi de Mauthausen<\/a> (Autriche). Le gros \u0153uvre est termin\u00e9 mais l\u2019int\u00e9rieur reste enti\u00e8rement \u00e0 am\u00e9nager.<\/p>\n<p>Une campagne de dons est ouverte sur <a href=\"https:\/\/diocese-rennes.rgoods.com\/eglise-marcel-callo-plaine-de-baud\/\" target=\"_blank\" rel=\"nofollow noopener\">une plateforme en ligne sp\u00e9cifique du dioc\u00e8se de Rennes<\/a>. Pr\u00e8s de 2\u00a0500\u00a0\u20ac ont d\u00e9j\u00e0 \u00e9t\u00e9 collect\u00e9s.<\/p>\n<p><strong>Lire aussi\u00a0:<\/strong>\u00a0<a href=\"https:\/\/rennes.maville.com\/actu\/actudet_-en-images.-a-rennes-cette-nouvelle-eglise-va-ouvrir-dans-un-nouveau-quartier-_7-6157398_actu.Htm\" target=\"_blank\" rel=\"nofollow noopener\">\u00c0 Rennes, cette nouvelle \u00e9glise va ouvrir dans un nouveau quartier<\/a><\/p>\n<p><strong>\u00ab\u00a0\u00c0 pr\u00e9sent que le gros \u0153uvre est termin\u00e9, vous b\u00e2tissez avec nous la fa\u00e7ade int\u00e9rieure de l\u2019\u00e9glise. L\u2019artiste Pierre Le Cacheux est missionn\u00e9 pour les ornements int\u00e9rieurs\u00a0\u00bb<\/strong>, explique l\u2019\u00e9quipe pastorale de la paroisse Saint-H\u00e9lier, dont d\u00e9pend la future \u00e9glise Marcel-Callo.<\/p>\n<p><strong>\u00ab\u00a0L\u2019essentiel n\u2019est pas d\u2019atteindre un montant de dons pr\u00e9cis mais plut\u00f4t d\u2019offrir la possibilit\u00e9 au public le plus large possible de s\u2019associer, chacun selon ses moyens, \u00e0 ce projet d\u2019\u00e9glise dont l\u2019\u00e9quipe d\u2019animation va d\u00e9j\u00e0 \u00e0 la rencontre des habitants de ce nouveau quartier de Rennes\u00a0\u00bb<\/strong>, souligne Marie La Fragette, responsable des ressources financi\u00e8res et des lev\u00e9es de fonds \u00e0 l\u2019\u00e9conomat du dioc\u00e8se de Rennes.<\/p>\n<p>Parmi les \u00e9l\u00e9ments ouverts au financement participatif\u00a0: un dallage de la fa\u00e7ade ext\u00e9rieure en lave \u00e9maill\u00e9e (30\u00a0000\u00a0\u20ac), une frise bleue sur fond blanc en fa\u00e7ade de l\u2019\u00e9glise (9\u00a0200\u00a0\u20ac), une croix en fer forg\u00e9e avec epoxy cuite au four, dorure et cabochons (10\u00a0000\u00a0\u20ac), une vierge \u00e0 l\u2019enfant en terre cuite \u00e9maill\u00e9e, verre thermoform\u00e9 et structure en fer forg\u00e9 (9\u00a0000\u00a0\u20ac), une statue de Marcel Callo en terre cuite \u00e9maill\u00e9e, 9\u00a0000\u00a0\u20ac, un vitrail Jonas (5\u00a0000\u00a0\u20ac)<\/p>\n<p>\u00a0<\/p>\n","protected":false},"excerpt":{"rendered":"Le gros \u0153uvre est termin\u00e9 et l\u2019architecture n\u2019a rien de celle d\u2019une \u00e9glise \u00ab\u00a0classique\u00a0\u00bb. Dans le nouveau quartier&hellip;\n","protected":false},"author":2,"featured_media":77815,"comment_status":"","ping_status":"","sticky":false,"template":"","format":"standard","meta":{"footnotes":""},"categories":[2821],"tags":[1111,11,7431,829,11385,15714,12336,1777,674,4816,1011,27,9447,8886,12,2043,584,25],"class_list":{"0":"post-77814","1":"post","2":"type-post","3":"status-publish","4":"format-standard","5":"has-post-thumbnail","7":"category-rennes","8":"tag-actu","9":"tag-actualites","10":"tag-appel","11":"tag-bretagne","12":"tag-diocese","13":"tag-dons","14":"tag-eglise","15":"tag-eu","16":"tag-europe","17":"tag-facade","18":"tag-fr","19":"tag-france","20":"tag-lance","21":"tag-mobilier","22":"tag-news","23":"tag-nouvelle","24":"tag-rennes","25":"tag-republique-francaise"},"share_on_mastodon":{"url":"https:\/\/pubeurope.com\/@fr\/114457726805899067","error":""},"_links":{"self":[{"href":"https:\/\/www.europesays.com\/fr\/wp-json\/wp\/v2\/posts\/77814","targetHints":{"allow":["GET"]}}],"collection":[{"href":"https:\/\/www.europesays.com\/fr\/wp-json\/wp\/v2\/posts"}],"about":[{"href":"https:\/\/www.europesays.com\/fr\/wp-json\/wp\/v2\/types\/post"}],"author":[{"embeddable":true,"href":"https:\/\/www.europesays.com\/fr\/wp-json\/wp\/v2\/users\/2"}],"replies":[{"embeddable":true,"href":"https:\/\/www.europesays.com\/fr\/wp-json\/wp\/v2\/comments?post=77814"}],"version-history":[{"count":0,"href":"https:\/\/www.europesays.com\/fr\/wp-json\/wp\/v2\/posts\/77814\/revisions"}],"wp:featuredmedia":[{"embeddable":true,"href":"https:\/\/www.europesays.com\/fr\/wp-json\/wp\/v2\/media\/77815"}],"wp:attachment":[{"href":"https:\/\/www.europesays.com\/fr\/wp-json\/wp\/v2\/media?parent=77814"}],"wp:term":[{"taxonomy":"category","embeddable":true,"href":"https:\/\/www.europesays.com\/fr\/wp-json\/wp\/v2\/categories?post=77814"},{"taxonomy":"post_tag","embeddable":true,"href":"https:\/\/www.europesays.com\/fr\/wp-json\/wp\/v2\/tags?post=77814"}],"curies":[{"name":"wp","href":"https:\/\/api.w.org\/{rel}","templated":true}]}}