{"id":77816,"date":"2025-05-05T23:04:16","date_gmt":"2025-05-05T23:04:16","guid":{"rendered":"https:\/\/www.europesays.com\/fr\/77816\/"},"modified":"2025-05-05T23:04:16","modified_gmt":"2025-05-05T23:04:16","slug":"strasbourg-place-kleber-le-restaurant-le-paradis-du-fruit-a-ouvert","status":"publish","type":"post","link":"https:\/\/www.europesays.com\/fr\/77816\/","title":{"rendered":"Strasbourg. Place Kl\u00e9ber, le restaurant \u00ab\u00a0Le Paradis du Fruit\u00a0\u00bb a ouvert\u00a0!"},"content":{"rendered":"<p>L\u2019enseigne franchis\u00e9e Le Paradis du Fruit vient d\u2019ouvrir ses portes ce vendredi 2\u00a0mai au 5 place Kl\u00e9ber, entre la librairie le Camphrier et le magasin de sous-v\u00eatements Undiz, en lieu et place du magasin de parquets D\u00e9coplus (ex-Cama\u00efeu). Avec 600\u00a0m2 de surface, <a href=\"https:\/\/www.dna.fr\/economie\/2025\/02\/12\/l-enseigne-gourmande-et-multivitaminee-le-paradis-du-fruit-s-installe-place-kleber\" target=\"_blank\" rel=\"nofollow noopener\">l\u2019\u00e9tablissement s\u2019\u00e9tend sur deux \u00e9tages<\/a> et peut accueillir 180 personnes en int\u00e9rieur et une cinquantaine en terrasse, install\u00e9e place Kl\u00e9ber. \u00ab\u00a0Rep\u00e8re des citadins actifs, <a href=\"https:\/\/www.dna.fr\/economie\/2023\/10\/02\/remettre-le-vegetal-au-centre-de-l-assiette\" target=\"_blank\" rel=\"nofollow noopener\">des amateurs de cuisine saine<\/a> et des gourmands\u00a0\u00bb, comme il se d\u00e9crit, le restaurant, qui fait la part belle aux fruits, offre une r\u00e9elle alternative aux cha\u00eenes de fast-food et autres boulangeries implant\u00e9es sur et aux abords de la place centrale. Au menu\u00a0: assiettes \u00e0 composer, salades fra\u00eecheur, toasts grill\u00e9s, marmites chaudes ou encore quelques classiques de la  street food.<\/p>\n<p>Ce contenu est bloqu\u00e9 car vous n&rsquo;avez pas accept\u00e9 les cookies et autres traceurs.<\/p>\n<p>En cliquant sur \u00ab J\u2019accepte \u00bb, les cookies et autres traceurs seront d\u00e9pos\u00e9s et vous pourrez visualiser les contenus  (<a href=\"\" class=\"consentModule_policy\" target=\"_blank\" title=\"Consulter la politique de protection des donn\u00e9es du fournisseur\">plus d&rsquo;informations<\/a>).<\/p>\n<p>En cliquant sur \u00ab J\u2019accepte tous les cookies \u00bb, vous autorisez des d\u00e9p\u00f4ts de cookies et autres traceurs pour le stockage de vos donn\u00e9es sur nos sites et applications \u00e0 des fins de personnalisation et de ciblage publicitaire.<\/p>\n<p class=\"consentModule_secondaryText\">Vous gardez la possibilit\u00e9 de retirer votre consentement \u00e0 tout moment en consultant notre <a href=\"https:\/\/www.dna.fr\/protection-des-donnees\" target=\"_blank\" title=\"Consulter notre politique de protection des donn\u00e9es\" rel=\"nofollow noopener\">politique de protection des donn\u00e9es<\/a>. <br \/>&#13;<br \/>\n            <a href=\"https:\/\/www.dna.fr\/economie\/2025\/05\/05\/javascript:Didomi.notice.show()\" class=\"consentModule_cmp\" rel=\"nofollow noopener\" target=\"_blank\">G\u00e9rer mes choix<\/a>&#13;\n        <\/p>\n<p>&#13;<br \/>\n                        J&rsquo;accepte&#13;<br \/>\n            J&rsquo;accepte tous les cookies&#13;\n        <\/p>\n<p>  Cuisine en continu<\/p>\n<p>Avec sa cuisine en continu, Le Paradis du Fruit accueille ses clients du petit-d\u00e9jeuner au d\u00eener, en passant par le d\u00e9jeuner et le go\u00fbter. C\u00f4t\u00e9 prix, comptez environ 20\u00a0\u20ac pour un plat et une boisson et entre 4,90 et 26,90\u00a0\u20ac en fonction du dessert, parfois \u00e0 partager (pancakes, gaufres, coupes glac\u00e9es, cheesecake, fondue de fruits au chocolat\u2026). C\u00f4t\u00e9 ambiance, le franchis\u00e9 alsacien BMG Group (d\u00e9j\u00e0 derri\u00e8re O\u2019Tacos ou encore l\u2019enseigne de bubble tea Gong Cha) qui pilote le lieu a mis\u00e9 sur une d\u00e9coration survitamin\u00e9e, pop, punchy, lumineuse et ultra-color\u00e9e \u2013 qui semble faire sensation. L\u2019ouverture de ce restaurant \u2014 le tout premier en Alsace, le deuxi\u00e8me du Grand Est apr\u00e8s celui de Reims (ouvert en 29\u00a0janvier) et le 34e de France \u2014 a permis de cr\u00e9er une quarantaine d\u2019emplois en CDI.<\/p>\n<p class=\"note\">Le Paradis du Fruit, ouvert tous les jours de 9\u00a0h \u00e0 23\u00a0h.<\/p>\n","protected":false},"excerpt":{"rendered":"L\u2019enseigne franchis\u00e9e Le Paradis du Fruit vient d\u2019ouvrir ses portes ce vendredi 2\u00a0mai au 5 place Kl\u00e9ber, entre&hellip;\n","protected":false},"author":2,"featured_media":77817,"comment_status":"","ping_status":"","sticky":false,"template":"","format":"standard","meta":{"footnotes":""},"categories":[2820],"tags":[1111,11,4406,130,33,2880,1777,674,107,1011,27,775,6016,12,25,104,640,2879],"class_list":{"0":"post-77816","1":"post","2":"type-post","3":"status-publish","4":"format-standard","5":"has-post-thumbnail","7":"category-strasbourg","8":"tag-actu","9":"tag-actualites","10":"tag-commerce-et-services","11":"tag-consommation","12":"tag-economie","13":"tag-edition-strasbourg","14":"tag-eu","15":"tag-europe","16":"tag-fil-info","17":"tag-fr","18":"tag-france","19":"tag-grand-est","20":"tag-magazine-cuisine-et-vins","21":"tag-news","22":"tag-republique-francaise","23":"tag-societe","24":"tag-strasbourg","25":"tag-strasbourg-ville"},"share_on_mastodon":{"url":"https:\/\/pubeurope.com\/@fr\/114457730446152289","error":""},"_links":{"self":[{"href":"https:\/\/www.europesays.com\/fr\/wp-json\/wp\/v2\/posts\/77816","targetHints":{"allow":["GET"]}}],"collection":[{"href":"https:\/\/www.europesays.com\/fr\/wp-json\/wp\/v2\/posts"}],"about":[{"href":"https:\/\/www.europesays.com\/fr\/wp-json\/wp\/v2\/types\/post"}],"author":[{"embeddable":true,"href":"https:\/\/www.europesays.com\/fr\/wp-json\/wp\/v2\/users\/2"}],"replies":[{"embeddable":true,"href":"https:\/\/www.europesays.com\/fr\/wp-json\/wp\/v2\/comments?post=77816"}],"version-history":[{"count":0,"href":"https:\/\/www.europesays.com\/fr\/wp-json\/wp\/v2\/posts\/77816\/revisions"}],"wp:featuredmedia":[{"embeddable":true,"href":"https:\/\/www.europesays.com\/fr\/wp-json\/wp\/v2\/media\/77817"}],"wp:attachment":[{"href":"https:\/\/www.europesays.com\/fr\/wp-json\/wp\/v2\/media?parent=77816"}],"wp:term":[{"taxonomy":"category","embeddable":true,"href":"https:\/\/www.europesays.com\/fr\/wp-json\/wp\/v2\/categories?post=77816"},{"taxonomy":"post_tag","embeddable":true,"href":"https:\/\/www.europesays.com\/fr\/wp-json\/wp\/v2\/tags?post=77816"}],"curies":[{"name":"wp","href":"https:\/\/api.w.org\/{rel}","templated":true}]}}