{"id":77830,"date":"2025-05-05T23:11:11","date_gmt":"2025-05-05T23:11:11","guid":{"rendered":"https:\/\/www.europesays.com\/fr\/77830\/"},"modified":"2025-05-05T23:11:11","modified_gmt":"2025-05-05T23:11:11","slug":"comment-est-il-passe-entre-les-mailles-du-filet","status":"publish","type":"post","link":"https:\/\/www.europesays.com\/fr\/77830\/","title":{"rendered":"comment est-il pass\u00e9 entre les mailles du filet\u00a0?"},"content":{"rendered":"<p>            Par<br \/>\n        <strong><br \/>\n            <a href=\"https:\/\/actu.fr\/auteur\/anaelle-montagne\" title=\"Consulter tous les articles de Anaelle Montagne\" target=\"_blank\" rel=\"noopener\">Anaelle Montagne<\/a><br \/>\n        <\/strong><\/p>\n<p>        Publi\u00e9 le<\/p>\n<p>            5 mai 2025 \u00e0 18h16        <\/p>\n<p>Le 30 avril 2025, un d\u00e9tenu de la prison de Bordeaux-Gradignan <a href=\"https:\/\/actu.fr\/nouvelle-aquitaine\/bordeaux_33063\/un-meurtrier-dans-la-nature-apres-avoir-ete-libere-par-erreur-de-la-prison-de-bordeaux-gradignan_62590779.html\" target=\"_blank\" rel=\"noopener\">a \u00e9t\u00e9 lib\u00e9r\u00e9 par erreur<\/a>, \u00e0 la place d\u2019un cod\u00e9tenu portant <strong>quasiment le m\u00eame nom<\/strong>. Il s\u2019agit vraisemblablement d\u2019une magistrale erreur de proc\u00e9dure. L\u2019homme ind\u00fbment lib\u00e9r\u00e9 venait d\u2019\u00eatre <strong>condamn\u00e9 \u00e0 dix ans de prison<\/strong> pour vol avec violences <strong>ayant entra\u00een\u00e9 la mort<\/strong>. Il court toujours. Comment a-t-il pu passer entre les mailles du filet ?<\/p>\n<p class=\" wall-content\">Pour r\u00e9pondre \u00e0 ces questions, le minist\u00e8re de la Justice a lanc\u00e9 une enqu\u00eate administrative interne. C\u2019est elle qui permettra d\u2019obtenir des r\u00e9ponses officielles. En attendant, <a href=\"https:\/\/actu.fr\/bordeaux\/\" target=\"_blank\" rel=\"noopener\">actu Bordeaux<\/a> s\u2019est pench\u00e9 sur les <strong>proc\u00e9dures de v\u00e9rification qui sont cens\u00e9es avoir lieu<\/strong>, pour comprendre comment l\u2019erreur a pu \u00eatre commise.<\/p>\n<p>Carte de circulation<\/p>\n<p class=\" wall-content\">Une seule lettre s\u00e9pare le nom du d\u00e9tenu cens\u00e9 \u00eatre lib\u00e9r\u00e9 de celui de Marouane Khaled, 25 ans.\u00a0Pour parvenir \u00e0 <strong>sortir par la grande porte<\/strong>, le prisonnier a d\u00fb \u00eatre pr\u00e9sent\u00e9 au greffe. Le service, g\u00e9r\u00e9 par des surveillants de d\u00e9tention (et non des greffiers), est en charge du contr\u00f4le des proc\u00e9dures d\u2019entr\u00e9e et de sortie des d\u00e9tenus. C\u2019est probablement de l\u00e0 que vient l\u2019erreur.\u00a0<\/p>\n<p class=\" wall-content\">\u00ab\u00a0Il y a eu <strong>diff\u00e9rents couacs<\/strong>, qui ont permis \u00e0 cet homme de profiter des lacunes du syst\u00e8me\u00a0\u00bb, explique Hubert Gratraud, d\u00e9l\u00e9gu\u00e9 syndical de Force ouvri\u00e8re justice. L\u2019erreur d\u2019homonymie en est \u00e0 l\u2019origine, \u00e9videmment, mais certains \u00e9l\u00e9ments de v\u00e9rification pourraient avoir \u00e9t\u00e9 omis.<\/p>\n<p class=\" wall-content\">D\u00e9j\u00e0, la proc\u00e9dure implique la v\u00e9rification de la carte de circulation du d\u00e9tenu. Une sorte de <strong>carte d\u2019identit\u00e9 version prison<\/strong>, avec nom, photo et <strong>num\u00e9ro de matricule<\/strong>. \u00ab\u00a0Les d\u00e9tenus la perdent souvent\u00a0\u00bb, d\u00e9plore Hubert Gratraud. Elle est pourtant cruciale dans la proc\u00e9dure de sortie. Ici, elle aurait d\u00fb permettre de voir que le matricule de Marouane Khaled n\u2019\u00e9tait pas le bon.\u00a0<\/p>\n<p>Empreintes digitales<\/p>\n<p class=\" wall-content\">La <strong>biom\u00e9trie<\/strong> des prisonniers lib\u00e9rables est aussi cens\u00e9e \u00eatre v\u00e9rifi\u00e9e par le greffe. Comprendre, <strong>leurs empreintes digitales<\/strong>. \u00ab\u00a0Normalement, \u00e7a ne trompe pas\u00a0\u00bb, indique Hubert Gratraud. Aurait-elle \u00e9t\u00e9 omise par les agents du greffe ? L\u2019enqu\u00eate interne le dira.<\/p>\n<p class=\" wall-content\">Le d\u00e9l\u00e9gu\u00e9 du personnel tient cependant \u00e0 souligner que \u00ab\u00a0l\u2019erreur est humaine, d\u2019autant plus pour des personnes qui ne re\u00e7oivent <strong>aucune formation sp\u00e9cifique au greffe<\/strong> et doivent apprendre sur le tas\u00a0\u00bb.\u00a0<\/p>\n<p>Surcharge de travail<\/p>\n<p class=\" wall-content\">Ronan Roudaut, membre du syndicat p\u00e9nitentiaire Ufap-Unsa, conc\u00e8de aussi qu\u2019il y a eu un \u00ab\u00a0gros manquement\u00a0\u00bb. Pour lui, il pourrait \u00eatre li\u00e9 \u00e0 la <strong>surcharge de travail<\/strong> des agents p\u00e9nitentiaires : \u00ab\u00a0Quand vous \u00eates cens\u00e9 fonctionner avec 630 d\u00e9tenus <a href=\"https:\/\/actu.fr\/nouvelle-aquitaine\/bordeaux_33063\/prison-de-gradignan-surpeuplee-remises-en-liberte-et-peines-alternatives-envisagees_60037632.html\" target=\"_blank\" rel=\"noopener\">et que vous en avez le double<\/a>, vous risquez de devoir <strong>prendre des raccourcis<\/strong> pour rester dans le timing.\u00a0\u00bb<\/p>\n<p class=\" wall-content\">Pour Ronan Roudaut, le premier responsable de cette<strong> \u00ab\u00a0grosse boulette\u00a0\u00bb<\/strong>, c\u2019est donc avant tout l\u2019administration p\u00e9nitentiaire.<\/p>\n<p class=\" wall-content\">Suivez toute l\u2019actualit\u00e9 de vos villes et m\u00e9dias favoris en vous inscrivant \u00e0 <a href=\"https:\/\/moncompte.actu.fr\" title=\"D\u00e9couvez Mon Actu\" rel=\"nofollow noopener\" data-trk=\"{&quot;cta&quot;:{&quot;action&quot;:&quot;https:\\\/\\\/moncompte.actu.fr&quot;,&quot;category&quot;:&quot;mon compte&quot;,&quot;from&quot;:&quot;article footer&quot;,&quot;name&quot;:&quot;Mon actu&quot;,&quot;type&quot;:&quot;cta&quot;}}\" target=\"_blank\">Mon Actu<\/a>.<\/p>\n","protected":false},"excerpt":{"rendered":"Par Anaelle Montagne Publi\u00e9 le 5 mai 2025 \u00e0 18h16 Le 30 avril 2025, un d\u00e9tenu de la&hellip;\n","protected":false},"author":2,"featured_media":77831,"comment_status":"","ping_status":"","sticky":false,"template":"","format":"standard","meta":{"footnotes":""},"categories":[2817],"tags":[1111,11,1997,1777,674,118,1011,27,12,2219,899,25],"class_list":{"0":"post-77830","1":"post","2":"type-post","3":"status-publish","4":"format-standard","5":"has-post-thumbnail","7":"category-bordeaux","8":"tag-actu","9":"tag-actualites","10":"tag-bordeaux","11":"tag-eu","12":"tag-europe","13":"tag-faits-divers","14":"tag-fr","15":"tag-france","16":"tag-news","17":"tag-nouvelle-aquitaine","18":"tag-prisons","19":"tag-republique-francaise"},"share_on_mastodon":{"url":"https:\/\/pubeurope.com\/@fr\/114457757880974737","error":""},"_links":{"self":[{"href":"https:\/\/www.europesays.com\/fr\/wp-json\/wp\/v2\/posts\/77830","targetHints":{"allow":["GET"]}}],"collection":[{"href":"https:\/\/www.europesays.com\/fr\/wp-json\/wp\/v2\/posts"}],"about":[{"href":"https:\/\/www.europesays.com\/fr\/wp-json\/wp\/v2\/types\/post"}],"author":[{"embeddable":true,"href":"https:\/\/www.europesays.com\/fr\/wp-json\/wp\/v2\/users\/2"}],"replies":[{"embeddable":true,"href":"https:\/\/www.europesays.com\/fr\/wp-json\/wp\/v2\/comments?post=77830"}],"version-history":[{"count":0,"href":"https:\/\/www.europesays.com\/fr\/wp-json\/wp\/v2\/posts\/77830\/revisions"}],"wp:featuredmedia":[{"embeddable":true,"href":"https:\/\/www.europesays.com\/fr\/wp-json\/wp\/v2\/media\/77831"}],"wp:attachment":[{"href":"https:\/\/www.europesays.com\/fr\/wp-json\/wp\/v2\/media?parent=77830"}],"wp:term":[{"taxonomy":"category","embeddable":true,"href":"https:\/\/www.europesays.com\/fr\/wp-json\/wp\/v2\/categories?post=77830"},{"taxonomy":"post_tag","embeddable":true,"href":"https:\/\/www.europesays.com\/fr\/wp-json\/wp\/v2\/tags?post=77830"}],"curies":[{"name":"wp","href":"https:\/\/api.w.org\/{rel}","templated":true}]}}