{"id":77842,"date":"2025-05-05T23:18:14","date_gmt":"2025-05-05T23:18:14","guid":{"rendered":"https:\/\/www.europesays.com\/fr\/77842\/"},"modified":"2025-05-05T23:18:14","modified_gmt":"2025-05-05T23:18:14","slug":"audience-reportee-apres-un-vice-de-procedure","status":"publish","type":"post","link":"https:\/\/www.europesays.com\/fr\/77842\/","title":{"rendered":"audience report\u00e9e apr\u00e8s un vice de proc\u00e9dure"},"content":{"rendered":"<p>La s\u00e9ance a d\u00e9but\u00e9 \u00e0 16h40, avant d\u2019\u00eatre suspendue \u00e0 16h55 pour pr\u00e8s d&rsquo;une heure. Arr\u00eat\u00e9s \u00e0 proximit\u00e9 du si\u00e8ge de 6e Sens Immobilier, vis\u00e9 par des d\u00e9gradations lors du pic de tensions entre antifas, black blocs et forces de l\u2019ordre au niveau du quai Claude Bernard, Giulia L., 25 ans, n\u00e9e \u00e0 Milan et Marco P., 34 ans, originaire de Turin, comparaissaient ce lundi devant le tribunal correctionnel de Lyon.<\/p>\n<p>La salle d\u2019audience \u00e9tait pleine, avec notamment un petit groupe de cinq \u00e0 six Italiens \u2014 vraisemblablement des proches des pr\u00e9venus \u2014 pr\u00e9sents dans le public.<\/p>\n<p>Poursuivis pour\u00a0d\u00e9gradations\u00a0et\u00a0participation arm\u00e9e \u00e0 un attroupement le visage dissimul\u00e9, les deux pr\u00e9venus, souriants et d\u00e9tendus \u00e0 l\u2019audience, sont accus\u00e9s d\u2019avoir pris part aux violences commises en marge de la manifestation du 1er mai.<\/p>\n<p>Un abribus ainsi que l&rsquo;agence\u00a06e Sens Immobilier avaient subi de nombreux d\u00e9g\u00e2ts. JC Decaux et le promoteur se sont constitu\u00e9s partie civile.\u00a0<\/p>\n<p>Mais la d\u00e9fense a mis en lumi\u00e8re un\u00a0vice de proc\u00e9dure\u00a0: selon l\u2019avocate des pr\u00e9venus,\u00a0cinq pages manquaient au dossier de proc\u00e9dure num\u00e9rique, dont le recto de la garde \u00e0 vue de Marco P.<\/p>\n<p>La procureure a tent\u00e9 de relativiser en rappelant que la version papier du dossier \u00e9tait compl\u00e8te. Probl\u00e8me : cette version n\u2019a\u00a0jamais \u00e9t\u00e9 transmise \u00e0 la d\u00e9fense.<\/p>\n<p>Face \u00e0 ces irr\u00e9gularit\u00e9s,\u00a0la pr\u00e9sidente du tribunal a suspendu l\u2019audience, le temps que la situation soit r\u00e9gularis\u00e9e.\u00a0<\/p>\n<p>\u00a0\u00c0 18h, la pr\u00e9sidente du tribunal correctionnel de Lyon a annonc\u00e9 que les proc\u00e8s-verbaux de comparution imm\u00e9diate du 2 mai 2025 \u00e9taient \u00ab\u00a0nuls\u00a0\u00bb. Faute de base proc\u00e9durale valide, l\u2019audience a donc \u00e9t\u00e9 lev\u00e9e.\u00a0Marco P. retourne en d\u00e9tention provisoire\u00a0tandis que\u00a0 Giulia L. est laiss\u00e9e libre.<\/p>\n<p>Les deux pr\u00e9venus devraient \u00eatre reconvoqu\u00e9s ult\u00e9rieurement.<\/p>\n","protected":false},"excerpt":{"rendered":"La s\u00e9ance a d\u00e9but\u00e9 \u00e0 16h40, avant d\u2019\u00eatre suspendue \u00e0 16h55 pour pr\u00e8s d&rsquo;une heure. Arr\u00eat\u00e9s \u00e0 proximit\u00e9&hellip;\n","protected":false},"author":2,"featured_media":77843,"comment_status":"","ping_status":"","sticky":false,"template":"","format":"standard","meta":{"footnotes":""},"categories":[1889],"tags":[1111,11,2813,2190,2430,1109,251,1112,2811,1777,674,118,1011,27,1922,1110,1114,2428,2810,12,241,316,25,2812,517,800],"class_list":{"0":"post-77842","1":"post","2":"type-post","3":"status-publish","4":"format-standard","5":"has-post-thumbnail","7":"category-lyon","8":"tag-actu","9":"tag-actualites","10":"tag-article","11":"tag-asvel","12":"tag-auvergne-rhone-alpes","13":"tag-breves","14":"tag-culture","15":"tag-depeches","16":"tag-economique","17":"tag-eu","18":"tag-europe","19":"tag-faits-divers","20":"tag-fr","21":"tag-france","22":"tag-info","23":"tag-informations","24":"tag-infos","25":"tag-lyon","26":"tag-lyonmag","27":"tag-news","28":"tag-ol","29":"tag-politique","30":"tag-republique-francaise","31":"tag-sociale","32":"tag-sport","33":"tag-transports"},"share_on_mastodon":{"url":"https:\/\/pubeurope.com\/@fr\/114457785364094620","error":""},"_links":{"self":[{"href":"https:\/\/www.europesays.com\/fr\/wp-json\/wp\/v2\/posts\/77842","targetHints":{"allow":["GET"]}}],"collection":[{"href":"https:\/\/www.europesays.com\/fr\/wp-json\/wp\/v2\/posts"}],"about":[{"href":"https:\/\/www.europesays.com\/fr\/wp-json\/wp\/v2\/types\/post"}],"author":[{"embeddable":true,"href":"https:\/\/www.europesays.com\/fr\/wp-json\/wp\/v2\/users\/2"}],"replies":[{"embeddable":true,"href":"https:\/\/www.europesays.com\/fr\/wp-json\/wp\/v2\/comments?post=77842"}],"version-history":[{"count":0,"href":"https:\/\/www.europesays.com\/fr\/wp-json\/wp\/v2\/posts\/77842\/revisions"}],"wp:featuredmedia":[{"embeddable":true,"href":"https:\/\/www.europesays.com\/fr\/wp-json\/wp\/v2\/media\/77843"}],"wp:attachment":[{"href":"https:\/\/www.europesays.com\/fr\/wp-json\/wp\/v2\/media?parent=77842"}],"wp:term":[{"taxonomy":"category","embeddable":true,"href":"https:\/\/www.europesays.com\/fr\/wp-json\/wp\/v2\/categories?post=77842"},{"taxonomy":"post_tag","embeddable":true,"href":"https:\/\/www.europesays.com\/fr\/wp-json\/wp\/v2\/tags?post=77842"}],"curies":[{"name":"wp","href":"https:\/\/api.w.org\/{rel}","templated":true}]}}