{"id":77848,"date":"2025-05-05T23:21:12","date_gmt":"2025-05-05T23:21:12","guid":{"rendered":"https:\/\/www.europesays.com\/fr\/77848\/"},"modified":"2025-05-05T23:21:12","modified_gmt":"2025-05-05T23:21:12","slug":"de-nouveaux-operateurs-pressentis-pour-lexploitation-de-bus-et-de-trains","status":"publish","type":"post","link":"https:\/\/www.europesays.com\/fr\/77848\/","title":{"rendered":"De nouveaux op\u00e9rateurs \u00ab pressentis \u00bb pour l&rsquo;exploitation de bus et de trains"},"content":{"rendered":"<p>            <a href=\"https:\/\/www.europesays.com\/fr\/wp-content\/uploads\/2025\/05\/la-gare-routiere-de-laeroport-de-roissy-fc-e1746460157668.jpg\" data-caption=\"La gare routi\u00e8re de l'a\u00e9roport de Roissy. \u00a9 FC\"><img loading=\"lazy\" decoding=\"async\" width=\"823\" height=\"531\" class=\"entry-thumb td-modal-image ewww_webp_lazy_load\" src=\"data:image\/svg+xml,%3Csvg%20xmlns=\" http:=\"\" alt=\"\" title=\"\" data-lazy-src=\"https:\/\/www.europesays.com\/fr\/wp-content\/uploads\/2025\/05\/la-gare-routiere-de-laeroport-de-roissy-fc-e1746460157668.jpg\" data-lazy-src-webp=\"https:\/\/www.europesays.com\/fr\/wp-content\/uploads\/2025\/05\/la-gare-routiere-de-laeroport-de-roissy-fc-e1746460157668.jpg.webp\"\/><\/a>La gare routi\u00e8re de l&rsquo;a\u00e9roport de Roissy. \u00a9 FC<\/p>\n<p>Le processus d\u2019ouverture \u00e0 la concurrence pour l\u2019exploitation du r\u00e9seau de transport francilien se poursuit. <a href=\"https:\/\/www.echoidf.fr\/56-lignes-de-bus-confiees-a-de-nouveaux-operateurs\/\" target=\"_blank\" rel=\"noopener\">Apr\u00e8s l\u2019attribution, en avril, de 56 lignes de bus de Paris et de petite couronne \u00e0 de nouveaux op\u00e9rateurs<\/a>, Ile-de-France Mobilit\u00e9s, l\u2019autorit\u00e9 organisatrice des transports franciliens, s\u2019appr\u00eate \u00e0 confier le contrat de service public d\u2019exploitation du r\u00e9seau de bus du territoire \u00ab Roissy Pays-de-France \u00bb, lignes express menant \u00e0 Paris-Charles-de-Gaulle. Des lignes qui, sauf coup de th\u00e9\u00e2tre, devraient revenir \u00e0 l\u2019op\u00e9rateur Transdev aujourd\u2019hui \u00ab pressenti \u00bb.<\/p>\n<p>\u00ab Ce lot relie au bassin d\u2019emploi autour de l\u2019a\u00e9roport de Paris-Charles-de-Gaulle les d\u00e9partements de Paris, de la Seine-Saint-Denis et du Val-d\u2019Oise, et notamment les communes d\u2019Argenteuil, d\u2019Aulnay-sous-Bois, Bagnolet, Le Bourget, Les Pavillons-sous-Bois, Montmorency, Paris, Saint-Denis, Sarcelles ou encore Soisy-sous-Montmorency, pr\u00e9cise Ile-de-France Mobilit\u00e9. Au total, 4 lignes de car express (comprenant deux nouvelles lignes et deux lignes existantes et les lignes 350 et 351) sont concern\u00e9es \u00bb. Lignes qui seront exploit\u00e9es depuis le centre op\u00e9rationnel bus du Mesnil-Amelot.<\/p>\n<p>Le choix de Transdev sera propos\u00e9 au conseil d\u2019administration d\u2019Ile-de-France Mobilit\u00e9s du 20 mai tout comme celui de l\u2019op\u00e9rateur \u00e0 qui sera confi\u00e9e l\u2019exploitation de la ligne L du Transilien, qui relie la gare de Paris-Saint-Lazare \u00e0 celles de Versailles-Rive-Droite, Saint-Nom-la-Bret\u00e8che et Cergy-le-Haut (avec 36 gares desservies). \u00ab Premi\u00e8re ligne de train dont l\u2019exploitation fera l\u2019objet d\u2019un contrat de d\u00e9l\u00e9gation de service public \u00bb, souligne Ile-de-France Mobilit\u00e9s. L\u2019exploitation de cette ligne devrait \u00eatre attribu\u00e9e \u00e0 SNCF Voyageurs \u00e9galement \u00ab pressenti \u00bb.<\/p>\n<p>\n            [auto_promo_mpl_cutom url=\u00a0\u00bbhttps:\/\/mapresselocale.fr\/titres\/l-echo-d-ile-de-france\u00a0\u00bb]        <\/p>\n","protected":false},"excerpt":{"rendered":"La gare routi\u00e8re de l&rsquo;a\u00e9roport de Roissy. \u00a9 FC Le processus d\u2019ouverture \u00e0 la concurrence pour l\u2019exploitation du&hellip;\n","protected":false},"author":2,"featured_media":77849,"comment_status":"","ping_status":"","sticky":false,"template":"","format":"standard","meta":{"footnotes":""},"categories":[1592],"tags":[1111,11,18330,16481,13160,5665,7048,18331,18332,1777,674,18333,1011,27,662,14484,18334,18335,18336,18337,18338,12,18339,626,18340,25,16484,18341,18342,18343,1945,18344,18345,5811,16278,12443,800,2216,18329,2292,18346,1938],"class_list":{"0":"post-77848","1":"post","2":"type-post","3":"status-publish","4":"format-standard","5":"has-post-thumbnail","7":"category-ile-de-france","8":"tag-actu","9":"tag-actualites","10":"tag-argenteuil","11":"tag-au00e9roport-paris-charles-de-gaulle","12":"tag-aulnay-sous-bois","13":"tag-bagnolet","14":"tag-bus","15":"tag-cergy-le-haut","16":"tag-contrat-de-service-public-dexploitation","17":"tag-eu","18":"tag-europe","19":"tag-exploitation","20":"tag-fr","21":"tag-france","22":"tag-ile-de-france","23":"tag-ile-de-france-mobilitu00e9s","24":"tag-le-bourget","25":"tag-les-pavillons-sous-bois","26":"tag-ligne-l","27":"tag-lignes-express","28":"tag-montmorency","29":"tag-news","30":"tag-opu00e9rateurs","31":"tag-paris","32":"tag-paris-saint-lazare","33":"tag-republique-francaise","34":"tag-roissy","35":"tag-saint-denis","36":"tag-saint-nom-la-bretu00e8che","37":"tag-sarcelles","38":"tag-seine-saint-denis","39":"tag-sncf-voyageurs","40":"tag-soisy-sous-montmorency","41":"tag-trains","42":"tag-transdev","43":"tag-transilien","44":"tag-transports","45":"tag-transports-en-commun","46":"tag-u00ab-roissy-pays-de-france-u00bb","47":"tag-val-doise","48":"tag-versailles-rive-droite","49":"tag-yvelines"},"share_on_mastodon":{"url":"","error":"Validation failed: Text character limit of 500 exceeded"},"_links":{"self":[{"href":"https:\/\/www.europesays.com\/fr\/wp-json\/wp\/v2\/posts\/77848","targetHints":{"allow":["GET"]}}],"collection":[{"href":"https:\/\/www.europesays.com\/fr\/wp-json\/wp\/v2\/posts"}],"about":[{"href":"https:\/\/www.europesays.com\/fr\/wp-json\/wp\/v2\/types\/post"}],"author":[{"embeddable":true,"href":"https:\/\/www.europesays.com\/fr\/wp-json\/wp\/v2\/users\/2"}],"replies":[{"embeddable":true,"href":"https:\/\/www.europesays.com\/fr\/wp-json\/wp\/v2\/comments?post=77848"}],"version-history":[{"count":0,"href":"https:\/\/www.europesays.com\/fr\/wp-json\/wp\/v2\/posts\/77848\/revisions"}],"wp:featuredmedia":[{"embeddable":true,"href":"https:\/\/www.europesays.com\/fr\/wp-json\/wp\/v2\/media\/77849"}],"wp:attachment":[{"href":"https:\/\/www.europesays.com\/fr\/wp-json\/wp\/v2\/media?parent=77848"}],"wp:term":[{"taxonomy":"category","embeddable":true,"href":"https:\/\/www.europesays.com\/fr\/wp-json\/wp\/v2\/categories?post=77848"},{"taxonomy":"post_tag","embeddable":true,"href":"https:\/\/www.europesays.com\/fr\/wp-json\/wp\/v2\/tags?post=77848"}],"curies":[{"name":"wp","href":"https:\/\/api.w.org\/{rel}","templated":true}]}}