{"id":77924,"date":"2025-05-06T00:03:13","date_gmt":"2025-05-06T00:03:13","guid":{"rendered":"https:\/\/www.europesays.com\/fr\/77924\/"},"modified":"2025-05-06T00:03:13","modified_gmt":"2025-05-06T00:03:13","slug":"costa-croisieres-donne-le-top-depart-a-toulon-pour-25-escales-tous-les-dimanches","status":"publish","type":"post","link":"https:\/\/www.europesays.com\/fr\/77924\/","title":{"rendered":"Costa Croisi\u00e8res donne le top d\u00e9part \u00e0 Toulon pour 25 escales tous les dimanches !"},"content":{"rendered":"<p>\t\t\t\t\t Deux itin\u00e9raires sont propos\u00e9s. <b>Une croisi\u00e8re de 7 jours<\/b> passera par l&rsquo;Espagne avec Valence, et Palma de Majorque, puis la Sardaigne (Olbia), avant de rejoindre Rome et Savone en Italie. <b>Pour le deuxi\u00e8me itin\u00e9raire de 15 jours<\/b>, cap sur Palerme et puis la Gr\u00e8ce avec ses tr\u00e9sors m\u00e9diterran\u00e9ens : la Cr\u00e8te, Santorin, Mykonos et Argostoli.<\/p>\n<p>Pour remplir le Costa Pacifica, les \u00e9quipes de la compagnie <b>comptent sur les agences de voyages <\/b>\u00ab\u00a0premier canal de ventes\u00a0\u00bb de Costa Croisi\u00e8res. Pour cette premi\u00e8re escale, un \u00e9ductour de 5 jours \u00e9tait organis\u00e9 pour faire d\u00e9couvrir l&rsquo;offre au d\u00e9part de Toulon &#8211; La Seyne-sur-Mer aux distributeurs fran\u00e7ais. &#13;\t\t\t\t\t <\/p>\n<p><b>Dorella Parmentier,<\/b> g\u00e9rante de l&rsquo;agence Selectour \u00e0 Saint-Cyr-Mer et Val\u00e9rie Normand, g\u00e9rante de l&rsquo;agence Selectour du Pradet toutes deux install\u00e9es dans le Var ont d&rsquo;ores et d\u00e9j\u00e0 r\u00e9alis\u00e9 quelques dossiers au d\u00e9part de la Seyne-sur-Mer. \u00ab\u00a0Cela simplifie l&rsquo;acc\u00e8s pour nos clients varois, c&rsquo;est plus pratique\u00a0\u00bb constatent-elles. &#13;\t\t\t\t\t <\/p>\n<p>D&rsquo;autant, qu&rsquo;en lien avec les autorit\u00e9s locales, <a class=\"liens\" href=\"https:\/\/www.tourmag.com\/tags\/costa\/\" target=\"_blank\" rel=\"nofollow noopener\">Costa<\/a> a mis au point des services de navettes gratuites entre la gare de Toulon et le port pour les clients ayant r\u00e9serv\u00e9 le train avec la compagnie. Elle relie \u00e9galement un parking (Mayol) situ\u00e9 au centre de Toulon et un parking situ\u00e9 \u00e0 la Seyne-sur-Mer. Ces parkings b\u00e9n\u00e9ficient d&rsquo;un tarif longue dur\u00e9e. Des navettes seront \u00e9galement mises en place depuis Marseille et Nice.&#13;\t\t\t\t\t <\/p>\n<p>\u00ab\u00a0<b>Nous misons sur la formation et les webinaires<\/b> pour informer les agents de voyages qui ont parfois le r\u00e9flexe de cliquer directement sur Marseille\u00a0\u00bb insiste Luigi Stefanelli.\n\t\t\t\t <\/p>\n","protected":false},"excerpt":{"rendered":"Deux itin\u00e9raires sont propos\u00e9s. Une croisi\u00e8re de 7 jours passera par l&rsquo;Espagne avec Valence, et Palma de Majorque,&hellip;\n","protected":false},"author":2,"featured_media":77925,"comment_status":"","ping_status":"","sticky":false,"template":"","format":"standard","meta":{"footnotes":""},"categories":[9619],"tags":[1111,11,6138,18353,1777,674,1011,27,12,882,25,2310],"class_list":{"0":"post-77924","1":"post","2":"type-post","3":"status-publish","4":"format-standard","5":"has-post-thumbnail","7":"category-toulon","8":"tag-actu","9":"tag-actualites","10":"tag-costa","11":"tag-costa-croisieres","12":"tag-eu","13":"tag-europe","14":"tag-fr","15":"tag-france","16":"tag-news","17":"tag-provence-alpes-cote-dazur","18":"tag-republique-francaise","19":"tag-toulon"},"share_on_mastodon":{"url":"https:\/\/pubeurope.com\/@fr\/114457962262419976","error":""},"_links":{"self":[{"href":"https:\/\/www.europesays.com\/fr\/wp-json\/wp\/v2\/posts\/77924","targetHints":{"allow":["GET"]}}],"collection":[{"href":"https:\/\/www.europesays.com\/fr\/wp-json\/wp\/v2\/posts"}],"about":[{"href":"https:\/\/www.europesays.com\/fr\/wp-json\/wp\/v2\/types\/post"}],"author":[{"embeddable":true,"href":"https:\/\/www.europesays.com\/fr\/wp-json\/wp\/v2\/users\/2"}],"replies":[{"embeddable":true,"href":"https:\/\/www.europesays.com\/fr\/wp-json\/wp\/v2\/comments?post=77924"}],"version-history":[{"count":0,"href":"https:\/\/www.europesays.com\/fr\/wp-json\/wp\/v2\/posts\/77924\/revisions"}],"wp:featuredmedia":[{"embeddable":true,"href":"https:\/\/www.europesays.com\/fr\/wp-json\/wp\/v2\/media\/77925"}],"wp:attachment":[{"href":"https:\/\/www.europesays.com\/fr\/wp-json\/wp\/v2\/media?parent=77924"}],"wp:term":[{"taxonomy":"category","embeddable":true,"href":"https:\/\/www.europesays.com\/fr\/wp-json\/wp\/v2\/categories?post=77924"},{"taxonomy":"post_tag","embeddable":true,"href":"https:\/\/www.europesays.com\/fr\/wp-json\/wp\/v2\/tags?post=77924"}],"curies":[{"name":"wp","href":"https:\/\/api.w.org\/{rel}","templated":true}]}}