{"id":77926,"date":"2025-05-06T00:05:10","date_gmt":"2025-05-06T00:05:10","guid":{"rendered":"https:\/\/www.europesays.com\/fr\/77926\/"},"modified":"2025-05-06T00:05:10","modified_gmt":"2025-05-06T00:05:10","slug":"previsions-du-mardi-6-mai-2025-6","status":"publish","type":"post","link":"https:\/\/www.europesays.com\/fr\/77926\/","title":{"rendered":"pr\u00e9visions du mardi 6 mai 2025"},"content":{"rendered":"<p>Le ciel de Montpellier sera relativement lumineux, avec quelques \u00e9claircies aujourd&rsquo;hui. On pr\u00e9voit des temp\u00e9ratures d&rsquo;environ 13\u00b0C. Une modeste brise de nord-ouest sera ressentie par les habitants. Les valeurs s&rsquo;\u00e9chelonneront entre 12 et 15\u00b0C durant la matin\u00e9e. Les temp\u00e9ratures seront de 15\u00b0C au plus bas et de 16\u00b0C au maximum l&rsquo;apr\u00e8s-midi. Le ciel va l\u00e9g\u00e8rement se d\u00e9gager dans la soir\u00e9e avec des \u00e9claircies. Les valeurs avoisineront les 13\u00b0C. On passera de mardi \u00e0 mercredi par une nuit claire.<\/p>\n<p>Demain, le soleil va peu \u00e0 peu se substituer aux nuages \u00e0 Montpellier. Une m\u00e9t\u00e9o plus chaude est attendue \u00e9tant donn\u00e9 que les temp\u00e9ratures vont enregistrer une augmentation. Il va faire 15\u00b0C en moyenne. Un vent de nord-ouest rafra\u00eechira l\u00e9g\u00e8rement l&rsquo;atmosph\u00e8re. Le matin, les temp\u00e9ratures afficheront entre 12 et 17\u00b0C. Les valeurs seront comprises entre 17 et 18\u00b0C demain apr\u00e8s-midi. Les maximales pourront atteindre 16\u00b0C dans la soir\u00e9e tandis que les minimales seront de 14\u00b0C.<\/p>\n<p>Les conditions m\u00e9t\u00e9orologiques des jours suivants vont changer progressivement. La m\u00e9t\u00e9o se maintiendra jeudi mais une d\u00e9gradation s&rsquo;ensuivra vendredi.<\/p>\n<p><\/p>\n","protected":false},"excerpt":{"rendered":"Le ciel de Montpellier sera relativement lumineux, avec quelques \u00e9claircies aujourd&rsquo;hui. On pr\u00e9voit des temp\u00e9ratures d&rsquo;environ 13\u00b0C. Une&hellip;\n","protected":false},"author":2,"featured_media":77927,"comment_status":"","ping_status":"","sticky":false,"template":"","format":"standard","meta":{"footnotes":""},"categories":[9599],"tags":[1111,11,1777,674,1011,27,7089,2681,2208,12,2680,2119,25],"class_list":{"0":"post-77926","1":"post","2":"type-post","3":"status-publish","4":"format-standard","5":"has-post-thumbnail","7":"category-montpellier","8":"tag-actu","9":"tag-actualites","10":"tag-eu","11":"tag-europe","12":"tag-fr","13":"tag-france","14":"tag-herault","15":"tag-languedoc-roussillon","16":"tag-montpellier","17":"tag-news","18":"tag-occitanie","19":"tag-previsions-meteo","20":"tag-republique-francaise"},"share_on_mastodon":{"url":"https:\/\/pubeurope.com\/@fr\/114457970142384406","error":""},"_links":{"self":[{"href":"https:\/\/www.europesays.com\/fr\/wp-json\/wp\/v2\/posts\/77926","targetHints":{"allow":["GET"]}}],"collection":[{"href":"https:\/\/www.europesays.com\/fr\/wp-json\/wp\/v2\/posts"}],"about":[{"href":"https:\/\/www.europesays.com\/fr\/wp-json\/wp\/v2\/types\/post"}],"author":[{"embeddable":true,"href":"https:\/\/www.europesays.com\/fr\/wp-json\/wp\/v2\/users\/2"}],"replies":[{"embeddable":true,"href":"https:\/\/www.europesays.com\/fr\/wp-json\/wp\/v2\/comments?post=77926"}],"version-history":[{"count":0,"href":"https:\/\/www.europesays.com\/fr\/wp-json\/wp\/v2\/posts\/77926\/revisions"}],"wp:featuredmedia":[{"embeddable":true,"href":"https:\/\/www.europesays.com\/fr\/wp-json\/wp\/v2\/media\/77927"}],"wp:attachment":[{"href":"https:\/\/www.europesays.com\/fr\/wp-json\/wp\/v2\/media?parent=77926"}],"wp:term":[{"taxonomy":"category","embeddable":true,"href":"https:\/\/www.europesays.com\/fr\/wp-json\/wp\/v2\/categories?post=77926"},{"taxonomy":"post_tag","embeddable":true,"href":"https:\/\/www.europesays.com\/fr\/wp-json\/wp\/v2\/tags?post=77926"}],"curies":[{"name":"wp","href":"https:\/\/api.w.org\/{rel}","templated":true}]}}