{"id":77954,"date":"2025-05-06T00:20:08","date_gmt":"2025-05-06T00:20:08","guid":{"rendered":"https:\/\/www.europesays.com\/fr\/77954\/"},"modified":"2025-05-06T00:20:08","modified_gmt":"2025-05-06T00:20:08","slug":"previsions-du-mardi-6-mai-2025-8","status":"publish","type":"post","link":"https:\/\/www.europesays.com\/fr\/77954\/","title":{"rendered":"pr\u00e9visions du mardi 6 mai 2025"},"content":{"rendered":"<p>Aujourd&rsquo;hui, le soleil sera cach\u00e9 derri\u00e8re des nuages \u00e0 Bordeaux, o\u00f9 le temps sera gris. Les maximales pourront atteindre 17\u00b0C tandis que les minimales seront de 7\u00b0C. Un vent de nord soufflera l\u00e9g\u00e8rement. Le matin, on verra l&rsquo;arriv\u00e9e de l\u00e9gers nuages. Il fera environ 12\u00b0C. Des averses sont pr\u00e9vues l&rsquo;apr\u00e8s-midi, et peuvent perturber les balades. D&rsquo;un autre c\u00f4t\u00e9, les temp\u00e9ratures vont enregistrer une hausse de quelques degr\u00e9s. Les valeurs s&rsquo;\u00e9chelonneront entre 15 et 17\u00b0C. Le soir, la m\u00e9t\u00e9o sera marqu\u00e9e par des pluies \u00e9parses. On pr\u00e9voit des temp\u00e9ratures d&rsquo;environ 13\u00b0C. Le ciel sera d\u00e9pourvu de nuages dans la nuit de mardi \u00e0 mercredi.<\/p>\n<p>Demain, le soleil va progressivement remplacer les nuages \u00e0 Bordeaux. Un temps plus chaud est attendu \u00e9tant donn\u00e9 que le mercure va conna\u00eetre une augmentation. Il va faire 13\u00b0C en moyenne. Un vent de nord-est rafra\u00eechira l\u00e9g\u00e8rement l&rsquo;atmosph\u00e8re. Les temp\u00e9ratures vont grimper pendant l&rsquo;apr\u00e8s-midi de quelques degr\u00e9s. Les valeurs afficheront entre 17\u00b0C et 18\u00b0C. Dans la soir\u00e9e, les temp\u00e9ratures tourneront autour des 15\u00b0C.<\/p>\n<p>Les jours se suivent et ne changent pas. Une m\u00e9t\u00e9o ensoleill\u00e9e, pour des temp\u00e9ratures de 16\u00b0C en moyenne, est pr\u00e9vue.<\/p>\n<p><\/p>\n","protected":false},"excerpt":{"rendered":"Aujourd&rsquo;hui, le soleil sera cach\u00e9 derri\u00e8re des nuages \u00e0 Bordeaux, o\u00f9 le temps sera gris. Les maximales pourront&hellip;\n","protected":false},"author":2,"featured_media":77955,"comment_status":"","ping_status":"","sticky":false,"template":"","format":"standard","meta":{"footnotes":""},"categories":[2817],"tags":[1111,11,3177,1997,1777,674,1011,27,2905,12,2219,2119,25],"class_list":{"0":"post-77954","1":"post","2":"type-post","3":"status-publish","4":"format-standard","5":"has-post-thumbnail","7":"category-bordeaux","8":"tag-actu","9":"tag-actualites","10":"tag-aquitaine","11":"tag-bordeaux","12":"tag-eu","13":"tag-europe","14":"tag-fr","15":"tag-france","16":"tag-gironde","17":"tag-news","18":"tag-nouvelle-aquitaine","19":"tag-previsions-meteo","20":"tag-republique-francaise"},"share_on_mastodon":{"url":"https:\/\/pubeurope.com\/@fr\/114458029209902342","error":""},"_links":{"self":[{"href":"https:\/\/www.europesays.com\/fr\/wp-json\/wp\/v2\/posts\/77954","targetHints":{"allow":["GET"]}}],"collection":[{"href":"https:\/\/www.europesays.com\/fr\/wp-json\/wp\/v2\/posts"}],"about":[{"href":"https:\/\/www.europesays.com\/fr\/wp-json\/wp\/v2\/types\/post"}],"author":[{"embeddable":true,"href":"https:\/\/www.europesays.com\/fr\/wp-json\/wp\/v2\/users\/2"}],"replies":[{"embeddable":true,"href":"https:\/\/www.europesays.com\/fr\/wp-json\/wp\/v2\/comments?post=77954"}],"version-history":[{"count":0,"href":"https:\/\/www.europesays.com\/fr\/wp-json\/wp\/v2\/posts\/77954\/revisions"}],"wp:featuredmedia":[{"embeddable":true,"href":"https:\/\/www.europesays.com\/fr\/wp-json\/wp\/v2\/media\/77955"}],"wp:attachment":[{"href":"https:\/\/www.europesays.com\/fr\/wp-json\/wp\/v2\/media?parent=77954"}],"wp:term":[{"taxonomy":"category","embeddable":true,"href":"https:\/\/www.europesays.com\/fr\/wp-json\/wp\/v2\/categories?post=77954"},{"taxonomy":"post_tag","embeddable":true,"href":"https:\/\/www.europesays.com\/fr\/wp-json\/wp\/v2\/tags?post=77954"}],"curies":[{"name":"wp","href":"https:\/\/api.w.org\/{rel}","templated":true}]}}