{"id":77986,"date":"2025-05-06T00:37:08","date_gmt":"2025-05-06T00:37:08","guid":{"rendered":"https:\/\/www.europesays.com\/fr\/77986\/"},"modified":"2025-05-06T00:37:08","modified_gmt":"2025-05-06T00:37:08","slug":"etats-unis-drill-baby-drill-une-politique-qui-ne-seduit-pas-tous-les-texans","status":"publish","type":"post","link":"https:\/\/www.europesays.com\/fr\/77986\/","title":{"rendered":"\u00c9tats-Unis: \u00abDrill baby drill\u00bb, une politique qui ne s\u00e9duit pas tous les Texans"},"content":{"rendered":"<p>\n                                                Donald Trump a fait campagne sur la promesse de relancer la production d\u2019hydrocarbures aux \u00c9tats-Unis, reprenant \u00e0 son compte le fameux slogan \u00ab Drill baby drill \u00bb, (\u00ab Fore, b\u00e9b\u00e9 fore \u00bb), et tant pis pour l\u2019environnement. Fin mars, son administration a de nouveau autoris\u00e9 l\u2019exploitation p\u00e9troli\u00e8re et gazi\u00e8re des r\u00e9serves naturelles de l\u2019Arctique en Alaska. Mais m\u00eame au tr\u00e8s conservateur Texas, source de plus de 40% de la production p\u00e9troli\u00e8re des \u00c9tats-Unis, cette politique du tout p\u00e9trole est loin de faire l\u2019unanimit\u00e9.\u00a0                    <\/p>\n<p>De notre envoy\u00e9 sp\u00e9cial au Texas, <\/p>\n<p>Nous voici \u00e0 Beaumont, tout \u00e0 l\u2019est du Texas. La Louisiane est toute proche. C\u2019est ici m\u00eame au tout d\u00e9but du XXe si\u00e8cle qu\u2019a \u00e9t\u00e9 d\u00e9couvert un immense gisement p\u00e9trolier qui a lanc\u00e9 une v\u00e9ritable ru\u00e9e vers l\u2019or noir. \u00c0 tel point que la ville consacre un mus\u00e9e \u00e0 l\u2019\u00e9v\u00e9nement : \u00ab\u00a0Apr\u00e8s trois mois de travail acharn\u00e9, les fr\u00e8res Hamill percent le secret de la plus importante d\u00e9couverte p\u00e9troli\u00e8re de l\u2019histoire. Le 10 janvier 1901, l\u2019\u00e9ruption projette du p\u00e9trole brut sur 30 m\u00e8tres de haut\u00a0\u00bb, commente un film diffus\u00e9 dans le mus\u00e9e.\u00a0<\/p>\n<p>Le c\u00e9l\u00e8bre gisement est depuis longtemps \u00e9puis\u00e9, mais comme nous l\u2019explique Heather qui travaille au mus\u00e9e, l\u2019or noir reste au c\u0153ur de l\u2019\u00e9conomie locale\u00a0: \u00ab\u00a0<strong><a target=\"_self\" href=\"https:\/\/www.rfi.fr\/fr\/tag\/p\u00e9trole\/\" rel=\"noopener\">Le p\u00e9trole<\/a><\/strong> est essentiel pour Beaumont. L\u2019universit\u00e9 de la ville forme les gamins du coin aux m\u00e9tiers de l\u2019industrie. Les usines p\u00e9trochimiques n\u2019arr\u00eatent pas de s\u2019\u00e9tendre et de recruter. Les gens de la r\u00e9gion font jusqu\u2019\u00e0 deux heures de trajet par jour juste pour venir ici travailler dans nos raffineries.\u00a0\u00bb<\/p>\n<p>Devant la grande raffinerie ExxonMobil de Beaumont, nous rencontrons Mike qui vient de finir son \u00ab\u00a0shift\u00a0\u00bb\u00a0: \u00ab\u00a0Si vous regardez une carte de Beaumont, vous allez voir que la raffinerie repr\u00e9sente un tiers de la ville. C\u2019est \u00e9norme\u00a0!\u00a0\u00bb Alors, on lui demande ce qu\u2019il pense de la politique pro-p\u00e9trole de Donald Trump\u00a0: \u00ab\u00a0Je ne suis pas la politique, pour tout vous dire, je ne vote m\u00eame pas. Mais pour mettre les choses en perspective, pendant le Covid, Exxon a augment\u00e9 ses employ\u00e9s de 12%, alors que toutes les autres entreprises \u00e9taient en difficult\u00e9 et d\u00e9pendaient du gouvernement\u00a0! Donc pourquoi ne pas travailler ici !\u00a0\u00bb<\/p>\n<p>\u00ab Je suis pr\u00e9occup\u00e9 par l&rsquo;environnement \u00bb<\/p>\n<p>Le mus\u00e9e de Beaumont propose une reproduction de la ville telle qu\u2019elle \u00e9tait au moment de la d\u00e9couverte du premier gisement p\u00e9trolier. Il y a m\u00eame un forgeron. \u00ab\u00a0Quand l\u2019industrie p\u00e9troli\u00e8re est n\u00e9e, les forgerons fabriquaient la plupart des outils, les foreuses, rappelle l&rsquo;int\u00e9ress\u00e9, Rob Flurry. Et cette forge en particulier fabriquait des chariots, c\u2019\u00e9tait le seul moyen de transporter le p\u00e9trole. Bien s\u00fbr, apr\u00e8s, les voitures sont arriv\u00e9es et les forgerons ont d\u00fb s\u2019adapter.\u00a0\u00bb<\/p>\n<p>Rob Flurry, lui, a fait le chemin inverse\u00a0: \u00ab\u00a0J\u2019ai travaill\u00e9 dans l\u2019industrie p\u00e9troli\u00e8re presque toute ma vie. Le p\u00e9trole a eu son moment, mais aujourd\u2019hui, je suis pr\u00e9occup\u00e9 par l\u2019environnement\u00a0: il est temps de faire les choses plus proprement. Mais dans le climat politique actuel, ce n\u2019est pas vraiment \u00e0 l\u2019ordre du jour, mais je suis s\u00fbr que \u00e7a reviendra\u00a0!\u00a0\u00bb Comme quoi au Texas, on trouve de tout, m\u00eame un forgeron \u00e9colo dans un mus\u00e9e du p\u00e9trole.<\/p>\n<p class=\"a-read-more\">\u00c0 lire aussi<a target=\"_self\" href=\"https:\/\/www.rfi.fr\/fr\/\u00e9conomie\/20250412-etats-unis-la-baisse-des-prix-du-p\u00e9trole-et-la-crainte-d-une-r\u00e9cession-freinent-l-exploration\" class=\"a-read-more__link\" rel=\"noopener\">Etats-Unis: la baisse des prix du p\u00e9trole et la crainte d&rsquo;une r\u00e9cession freinent l&rsquo;exploration<\/a><\/p>\n","protected":false},"excerpt":{"rendered":"Donald Trump a fait campagne sur la promesse de relancer la production d\u2019hydrocarbures aux \u00c9tats-Unis, reprenant \u00e0 son&hellip;\n","protected":false},"author":2,"featured_media":77987,"comment_status":"","ping_status":"","sticky":false,"template":"","format":"standard","meta":{"footnotes":""},"categories":[1589],"tags":[11,782,4427,73,1866,12,844,2436,1864,1865,1863,308],"class_list":{"0":"post-77986","1":"post","2":"type-post","3":"status-publish","4":"format-standard","5":"has-post-thumbnail","7":"category-etats-unis","8":"tag-actualites","9":"tag-ameriques","10":"tag-energies","11":"tag-etats-unis","12":"tag-etats-unis-damerique","13":"tag-news","14":"tag-petrole","15":"tag-reportage-international","16":"tag-united-states","17":"tag-united-states-of-america","18":"tag-us","19":"tag-usa"},"share_on_mastodon":{"url":"https:\/\/pubeurope.com\/@fr\/114458096167849044","error":""},"_links":{"self":[{"href":"https:\/\/www.europesays.com\/fr\/wp-json\/wp\/v2\/posts\/77986","targetHints":{"allow":["GET"]}}],"collection":[{"href":"https:\/\/www.europesays.com\/fr\/wp-json\/wp\/v2\/posts"}],"about":[{"href":"https:\/\/www.europesays.com\/fr\/wp-json\/wp\/v2\/types\/post"}],"author":[{"embeddable":true,"href":"https:\/\/www.europesays.com\/fr\/wp-json\/wp\/v2\/users\/2"}],"replies":[{"embeddable":true,"href":"https:\/\/www.europesays.com\/fr\/wp-json\/wp\/v2\/comments?post=77986"}],"version-history":[{"count":0,"href":"https:\/\/www.europesays.com\/fr\/wp-json\/wp\/v2\/posts\/77986\/revisions"}],"wp:featuredmedia":[{"embeddable":true,"href":"https:\/\/www.europesays.com\/fr\/wp-json\/wp\/v2\/media\/77987"}],"wp:attachment":[{"href":"https:\/\/www.europesays.com\/fr\/wp-json\/wp\/v2\/media?parent=77986"}],"wp:term":[{"taxonomy":"category","embeddable":true,"href":"https:\/\/www.europesays.com\/fr\/wp-json\/wp\/v2\/categories?post=77986"},{"taxonomy":"post_tag","embeddable":true,"href":"https:\/\/www.europesays.com\/fr\/wp-json\/wp\/v2\/tags?post=77986"}],"curies":[{"name":"wp","href":"https:\/\/api.w.org\/{rel}","templated":true}]}}