{"id":77998,"date":"2025-05-06T00:43:11","date_gmt":"2025-05-06T00:43:11","guid":{"rendered":"https:\/\/www.europesays.com\/fr\/77998\/"},"modified":"2025-05-06T00:43:11","modified_gmt":"2025-05-06T00:43:11","slug":"les-cardinaux-poursuivent-leur-reflexion-et-esquissent-la-figure-dun-pape-pasteur","status":"publish","type":"post","link":"https:\/\/www.europesays.com\/fr\/77998\/","title":{"rendered":"Les cardinaux poursuivent leur r\u00e9flexion et esquissent la figure d&rsquo;un \u00abPape pasteur\u00bb"},"content":{"rendered":"<p>Environ 170 cardinaux, dont 132 \u00e9lecteurs, ont particip\u00e9 \u00e0 la 11e congr\u00e9gation g\u00e9n\u00e9rale, qui s&rsquo;est tenue lundi 5 mai, de 17 heures \u00e0 19 heures. Divers sujets ont \u00e9t\u00e9 abord\u00e9s, notamment l&rsquo;engagement et la responsabilit\u00e9 de soutenir le nouveau Pontife, dont les cardinaux esp\u00e8rent qu&rsquo;il s&rsquo;inscrira dans une perspective de dialogue et de construction de relations avec les diff\u00e9rents mondes religieux et culturels.<\/p>\n<p><b>Isabella H. de Carvalho &#8211; Cit\u00e9 du Vatican<\/b><\/p>\n<p>Quelque 170 cardinaux, dont 132 \u00e9lecteurs, \u00e9taient pr\u00e9sents \u00e0 la onzi\u00e8me congr\u00e9gation g\u00e9n\u00e9rale, qui s&rsquo;est tenue lundi apr\u00e8s-midi, pour r\u00e9fl\u00e9chir au futur Pape et au r\u00f4le de l&rsquo;\u00c9glise dans le monde. Les cardinaux avaient d\u00e9cid\u00e9 la semaine derni\u00e8re d&rsquo;ajouter une r\u00e9union cet apr\u00e8s-midi, en plus de la r\u00e9union habituelle du matin, afin de donner la parole \u00e0 tous ceux qui le souhaitaient avant le d\u00e9but du conclave le 7 mai, rapporte le directeur de Salle de presse du Saint-Si\u00e8ge Matteo Bruni. Une vingtaine d&rsquo;interventions ont eu lieu au cours de cette session qui a dur\u00e9 de 17 heures \u00e0 19 heures. Mardi, il n&rsquo;y aura qu&rsquo;une congr\u00e9gation matinale \u00e0 9 heures.<\/p>\n<p>     <a href=\"https:\/\/www.vaticannews.va\/fr\/vatican\/news\/2025-05\/conclave-10-congregation-generale-cardinaux-rome-133-pape.html\" title=\"Conclave: tous les cardinaux \u00e9lecteurs sont arriv\u00e9s \u00e0 Rome \" target=\"_blank\" rel=\"noopener\"><\/p>\n<p>        <img decoding=\"async\" src=\"data:image\/gif;base64,R0lGODlhAQABAIAAAAAAAP\/\/\/yH5BAEAAAAALAAAAAABAAEAAAIBRAA7\" data-original=\"https:\/\/www.vaticannews.va\/content\/dam\/vaticannews\/agenzie\/images\/srv\/2025\/05\/05\/2025-05-05-10--congregazione-cardinali\/1746432742800.JPG\/_jcr_content\/renditions\/cq5dam.thumbnail.cropped.500.281.jpeg\" alt=\"Conclave: tous les cardinaux \u00e9lecteurs sont arriv\u00e9s \u00e0 Rome \"\/><\/p>\n<p>      <\/a><\/p>\n<p>\n      Les cardinaux ont tenu ce lundi matin leur dixi\u00e8me congr\u00e9gation g\u00e9n\u00e9rale pour pr\u00e9parer le conclave, qui s\u2019ouvrira le mercredi 7 mai, et poursuivent leurs discussions sur l&rsquo;\u00e9tat de &#8230;\n     <\/p>\n<p><b>Les th\u00e8mes de r\u00e9flexion<\/b> <\/p>\n<p>Les cardinaux ont \u00e9chang\u00e9 sur diff\u00e9rents sujets, notamment sur leur engagement et leur responsabilit\u00e9 dans le soutien au nouveau Pontife. Ils ont \u00e9galement esquiss\u00e9 la figure d&rsquo;un Pape \u00abpasteur\u00bb, qui s&rsquo;inscrit dans une perspective de dialogue et de construction de relations avec les diff\u00e9rents mondes religieux et culturels. D&rsquo;autres th\u00e8mes ont \u00e9t\u00e9 abord\u00e9s: l&rsquo;ethnicisme au sein de l&rsquo;\u00c9glise et de la soci\u00e9t\u00e9; le ph\u00e9nom\u00e8ne de la migration; les guerres dans le monde,\u00a0\u00abde th\u00e8mes \u00e9galement li\u00e9s \u00e0 la provenance des cardinaux qui se sont exprim\u00e9s, notamment l&rsquo;Asie et l&rsquo;Afrique\u00bb; les d\u00e9fis des sectes dans certaines zones g\u00e9ographiques; et le Synode sur la synodalit\u00e9 et l&rsquo;eccl\u00e9siologie de la communion.<\/p>\n<p><b>Pr\u00e9paration du conclave<\/b> <\/p>\n<p>La Salle de presse a \u00e9galement indiqu\u00e9 que cet apr\u00e8s-midi, une centaine d&rsquo;officiels et de membres du personnel du Conclave, eccl\u00e9siastiques et la\u00efcs, ont pr\u00eat\u00e9 le serment du secret dans la chapelle Pauline, situ\u00e9e au premier \u00e9tage du Palais apostolique. \u00c0 partir de mardi, 6 mai, et jusqu&rsquo;\u00e0 mercredi matin, avant la messe \u00abPro eligendo Pontifice\u00bb \u00e0 10 heures, les cardinaux \u00e9lecteurs pourront commencer \u00e0 entrer dans la maison Sainte-Marthe pour s&rsquo;installer dans les chambres qui leur ont \u00e9t\u00e9 assign\u00e9es.<\/p>\n<p>Le Bureau de la pr\u00e9sidence du Gouvernorat de l&rsquo;\u00c9tat de la Cit\u00e9 du Vatican a annonc\u00e9 ce lundi qu&rsquo;\u00e0 partir de 15 heures le 7 mai, \u00abtous les syst\u00e8mes de transmission des signaux de t\u00e9l\u00e9communication pour les t\u00e9l\u00e9phones mobiles radio, pr\u00e9sents sur le territoire de l&rsquo;\u00c9tat de la Cit\u00e9 du Vatican, \u00e0 l&rsquo;exclusion de la zone de Castel Gandolfo, seront d\u00e9sactiv\u00e9s\u00bb. Cette mesure vise \u00e0 garantir l&rsquo;isolement des cardinaux pendant le conclave. Le signal sera r\u00e9tabli apr\u00e8s l&rsquo;annonce de l&rsquo;\u00e9lection du prochain Pape, prononc\u00e9e depuis la loggia centrale de la basilique Saint-Pierre.<\/p>\n<p>\u00a0<\/p>\n","protected":false},"excerpt":{"rendered":"Environ 170 cardinaux, dont 132 \u00e9lecteurs, ont particip\u00e9 \u00e0 la 11e congr\u00e9gation g\u00e9n\u00e9rale, qui s&rsquo;est tenue lundi 5&hellip;\n","protected":false},"author":2,"featured_media":77999,"comment_status":"","ping_status":"","sticky":false,"template":"","format":"standard","meta":{"footnotes":""},"categories":[2],"tags":[11,18362,13175,18363,1011,27,12,25],"class_list":{"0":"post-77998","1":"post","2":"type-post","3":"status-publish","4":"format-standard","5":"has-post-thumbnail","7":"category-actualites","8":"tag-actualites","9":"tag-cardinaux","10":"tag-conclave","11":"tag-eglise-et-religion","12":"tag-fr","13":"tag-france","14":"tag-news","15":"tag-republique-francaise"},"share_on_mastodon":{"url":"https:\/\/pubeurope.com\/@fr\/114458119715743426","error":""},"_links":{"self":[{"href":"https:\/\/www.europesays.com\/fr\/wp-json\/wp\/v2\/posts\/77998","targetHints":{"allow":["GET"]}}],"collection":[{"href":"https:\/\/www.europesays.com\/fr\/wp-json\/wp\/v2\/posts"}],"about":[{"href":"https:\/\/www.europesays.com\/fr\/wp-json\/wp\/v2\/types\/post"}],"author":[{"embeddable":true,"href":"https:\/\/www.europesays.com\/fr\/wp-json\/wp\/v2\/users\/2"}],"replies":[{"embeddable":true,"href":"https:\/\/www.europesays.com\/fr\/wp-json\/wp\/v2\/comments?post=77998"}],"version-history":[{"count":0,"href":"https:\/\/www.europesays.com\/fr\/wp-json\/wp\/v2\/posts\/77998\/revisions"}],"wp:featuredmedia":[{"embeddable":true,"href":"https:\/\/www.europesays.com\/fr\/wp-json\/wp\/v2\/media\/77999"}],"wp:attachment":[{"href":"https:\/\/www.europesays.com\/fr\/wp-json\/wp\/v2\/media?parent=77998"}],"wp:term":[{"taxonomy":"category","embeddable":true,"href":"https:\/\/www.europesays.com\/fr\/wp-json\/wp\/v2\/categories?post=77998"},{"taxonomy":"post_tag","embeddable":true,"href":"https:\/\/www.europesays.com\/fr\/wp-json\/wp\/v2\/tags?post=77998"}],"curies":[{"name":"wp","href":"https:\/\/api.w.org\/{rel}","templated":true}]}}