{"id":78016,"date":"2025-05-06T00:56:12","date_gmt":"2025-05-06T00:56:12","guid":{"rendered":"https:\/\/www.europesays.com\/fr\/78016\/"},"modified":"2025-05-06T00:56:12","modified_gmt":"2025-05-06T00:56:12","slug":"des-poemes-et-des-livres-au-clair-de-lune-a-getigne","status":"publish","type":"post","link":"https:\/\/www.europesays.com\/fr\/78016\/","title":{"rendered":"Des po\u00e8mes et des livres au clair de lune \u00e0 G\u00e9tign\u00e9"},"content":{"rendered":"<p>Pour faire d\u00e9couvrir l\u2019int\u00e9r\u00eat de la po\u00e9sie dans la vie de chacun, l\u2019artiste DAMAline DUNE propose, le vendredi 9\u00a0mai \u00e0 21\u00a0h, dans le jardin le Paradis, \u00e0 G\u00e9tign\u00e9 (Loire-Atlantique), une soir\u00e9e de lecture, sur le th\u00e8me Sous les \u00e9toiles, durant laquelle elle r\u00e9citera une s\u00e9lection de po\u00e8mes, accompagn\u00e9e de la musicienne et chanteuse du Pallet, Christine Ammour.<\/p>\n<p>Au programme, vendredi soir, <strong>\u00ab\u00a0une s\u00e9lection de textes sensibles et puissants\u00a0\u00bb,<\/strong> pr\u00e9cise Aline Lain\u00e9 de son vrai nom, comme L\u2019\u00c9parpillement de Camille Loivier, <strong>\u00ab\u00a0d\u00e9nich\u00e9 \u00e0 Brest\u00a0\u00bb<\/strong>, Aucun silence bien s\u00fbr, d\u2019Albane Gell\u00e9, L\u2019univers expliqu\u00e9 \u00e0 mes petits-enfants, d\u2019Hubert Reeves, <strong>\u00ab\u00a0et bien d\u2019autres p\u00e9pites\u00a0\u00bb<\/strong>.<\/p>\n<p>\u00c0 chacune de ses s\u00e9ances, un auteur ou un musicien est invit\u00e9 pour <strong>\u00ab\u00a0vous entra\u00eener dans un voyage litt\u00e9raire vibrant, au plus pr\u00e8s de nos sensibilit\u00e9s collectives\u00a0\u00bb,<\/strong> explique DAMAline DUNE. La Librairie Enrag\u00e9e sera \u00e9galement pr\u00e9sente avec une s\u00e9lection de livres d\u2019occasion. Issue du projet associatif Invisible, son but est de promouvoir la litt\u00e9rature et l\u2019acc\u00e8s aux livres pour tous sur le territoire de Clisson (Loire-Atlantique).<\/p>\n<p>\u00ab\u00a0Rencontrer la po\u00e9sie contemporaine\u00a0\u00bb<\/p>\n<p>Ces rendez-vous proposent, <strong>\u00ab\u00a0une exp\u00e9rience sensible et joyeuse, rencontrer la po\u00e9sie contemporaine, pas celle de l\u2019\u00e9cole, mais celle du merveilleux, de l\u2019\u00e9merveillement, de la r\u00e9g\u00e9n\u00e9ration lumineuse\u00a0\u00bb<\/strong>.<\/p>\n<p>Ces moments partag\u00e9s invitent \u00e0 ralentir, \u00e0 \u00e9couter autrement, \u00e0 se relier. Ils permettent aussi de cr\u00e9er des ponts entre art, science, et engagement citoyen. Un espace-temps suspendu, o\u00f9 chacun peut retrouver sa part de po\u00e9sie int\u00e9rieure, selon Aline Lain\u00e9, qui est aussi com\u00e9dienne traditionnelle, lectrice, et improvisatrice, <strong>\u00ab\u00a0passeuse des mots des autres\u00a0\u00bb.<\/strong><\/p>\n<p><strong>Vendredi 9\u00a0mai,<\/strong> jardin le Paradis, 19, rue des Changes \u00e0 G\u00e9tign\u00e9, tarif solidaire \u00e0 partir de 10\u00a0\u20ac, infos\/r\u00e9servations\u00a0: 06\u00a014\u00a045\u00a017\u00a051.<\/p>\n<p>\u00a0<\/p>\n","protected":false},"excerpt":{"rendered":"Pour faire d\u00e9couvrir l\u2019int\u00e9r\u00eat de la po\u00e9sie dans la vie de chacun, l\u2019artiste DAMAline DUNE propose, le vendredi&hellip;\n","protected":false},"author":2,"featured_media":78017,"comment_status":"","ping_status":"","sticky":false,"template":"","format":"standard","meta":{"footnotes":""},"categories":[1357],"tags":[1379,11526,58,59,1011,27,18366,1380,4506,766,18365],"class_list":{"0":"post-78016","1":"post","2":"type-post","3":"status-publish","4":"format-standard","5":"has-post-thumbnail","7":"category-livres","8":"tag-books","9":"tag-clair","10":"tag-divertissement","11":"tag-entertainment","12":"tag-fr","13":"tag-france","14":"tag-getigne","15":"tag-livres","16":"tag-lune","17":"tag-nantes","18":"tag-poemes"},"share_on_mastodon":{"url":"https:\/\/pubeurope.com\/@fr\/114458170748642644","error":""},"_links":{"self":[{"href":"https:\/\/www.europesays.com\/fr\/wp-json\/wp\/v2\/posts\/78016","targetHints":{"allow":["GET"]}}],"collection":[{"href":"https:\/\/www.europesays.com\/fr\/wp-json\/wp\/v2\/posts"}],"about":[{"href":"https:\/\/www.europesays.com\/fr\/wp-json\/wp\/v2\/types\/post"}],"author":[{"embeddable":true,"href":"https:\/\/www.europesays.com\/fr\/wp-json\/wp\/v2\/users\/2"}],"replies":[{"embeddable":true,"href":"https:\/\/www.europesays.com\/fr\/wp-json\/wp\/v2\/comments?post=78016"}],"version-history":[{"count":0,"href":"https:\/\/www.europesays.com\/fr\/wp-json\/wp\/v2\/posts\/78016\/revisions"}],"wp:featuredmedia":[{"embeddable":true,"href":"https:\/\/www.europesays.com\/fr\/wp-json\/wp\/v2\/media\/78017"}],"wp:attachment":[{"href":"https:\/\/www.europesays.com\/fr\/wp-json\/wp\/v2\/media?parent=78016"}],"wp:term":[{"taxonomy":"category","embeddable":true,"href":"https:\/\/www.europesays.com\/fr\/wp-json\/wp\/v2\/categories?post=78016"},{"taxonomy":"post_tag","embeddable":true,"href":"https:\/\/www.europesays.com\/fr\/wp-json\/wp\/v2\/tags?post=78016"}],"curies":[{"name":"wp","href":"https:\/\/api.w.org\/{rel}","templated":true}]}}