{"id":780370,"date":"2026-03-06T19:19:26","date_gmt":"2026-03-06T19:19:26","guid":{"rendered":"https:\/\/www.europesays.com\/fr\/780370\/"},"modified":"2026-03-06T19:19:26","modified_gmt":"2026-03-06T19:19:26","slug":"un-collegien-arme-dun-couteau-qui-voulait-tuer-ses-professeurs-sera-juge-en-mai","status":"publish","type":"post","link":"https:\/\/www.europesays.com\/fr\/780370\/","title":{"rendered":"un coll\u00e9gien arm\u00e9 d\u2019un couteau, qui voulait \u00ab\u00a0tuer ses professeurs\u00a0\u00bb, sera jug\u00e9 en mai"},"content":{"rendered":"<p>Un adolescent de treize ans, interpell\u00e9 mercredi \u00e0 Rennes apr\u00e8s s\u2019\u00eatre rendu devant son coll\u00e8ge muni d\u2019un couteau de cuisine et avoir menac\u00e9 de \u00ab\u00a0tuer ses professeurs\u00a0\u00bb, sera jug\u00e9 en mai, a indiqu\u00e9 vendredi le parquet de la capitale bretonne. La m\u00e8re du coll\u00e9gien avait pr\u00e9venu mercredi l\u2019\u00e9tablissement que son fils, qui avait d\u2019abord refus\u00e9 d\u2019aller au coll\u00e8ge, \u00e9tait finalement parti en cours avec un couteau de cuisine en indiquant qu\u2019il allait \u00ab\u00a0tuer ses professeurs\u00a0\u00bb, a expliqu\u00e9 Fr\u00e9d\u00e9ric Teillet, confirmant une information de \u00ab\u00a0Ouest-France\u00a0\u00bb et du \u00ab\u00a0T\u00e9l\u00e9gramme\u00a0\u00bb.<\/p>\n","protected":false},"excerpt":{"rendered":"Un adolescent de treize ans, interpell\u00e9 mercredi \u00e0 Rennes apr\u00e8s s\u2019\u00eatre rendu devant son coll\u00e8ge muni d\u2019un couteau&hellip;\n","protected":false},"author":2,"featured_media":771855,"comment_status":"","ping_status":"","sticky":false,"template":"","format":"standard","meta":{"footnotes":"","_share_on_mastodon":"0"},"categories":[2821],"tags":[1111,11,829,1777,674,1011,27,12,584,25],"class_list":["post-780370","post","type-post","status-publish","format-standard","has-post-thumbnail","category-rennes","tag-actu","tag-actualites","tag-bretagne","tag-eu","tag-europe","tag-fr","tag-france","tag-news","tag-rennes","tag-republique-francaise"],"share_on_mastodon":{"url":"https:\/\/pubeurope.com\/@fr\/116183850390686523","error":""},"_links":{"self":[{"href":"https:\/\/www.europesays.com\/fr\/wp-json\/wp\/v2\/posts\/780370","targetHints":{"allow":["GET"]}}],"collection":[{"href":"https:\/\/www.europesays.com\/fr\/wp-json\/wp\/v2\/posts"}],"about":[{"href":"https:\/\/www.europesays.com\/fr\/wp-json\/wp\/v2\/types\/post"}],"author":[{"embeddable":true,"href":"https:\/\/www.europesays.com\/fr\/wp-json\/wp\/v2\/users\/2"}],"replies":[{"embeddable":true,"href":"https:\/\/www.europesays.com\/fr\/wp-json\/wp\/v2\/comments?post=780370"}],"version-history":[{"count":0,"href":"https:\/\/www.europesays.com\/fr\/wp-json\/wp\/v2\/posts\/780370\/revisions"}],"wp:featuredmedia":[{"embeddable":true,"href":"https:\/\/www.europesays.com\/fr\/wp-json\/wp\/v2\/media\/771855"}],"wp:attachment":[{"href":"https:\/\/www.europesays.com\/fr\/wp-json\/wp\/v2\/media?parent=780370"}],"wp:term":[{"taxonomy":"category","embeddable":true,"href":"https:\/\/www.europesays.com\/fr\/wp-json\/wp\/v2\/categories?post=780370"},{"taxonomy":"post_tag","embeddable":true,"href":"https:\/\/www.europesays.com\/fr\/wp-json\/wp\/v2\/tags?post=780370"}],"curies":[{"name":"wp","href":"https:\/\/api.w.org\/{rel}","templated":true}]}}